{"id":1193,"date":"2019-04-26T13:46:47","date_gmt":"2019-04-26T11:46:47","guid":{"rendered":"http:\/\/terre-alternative.fr\/?p=1193"},"modified":"2020-02-24T16:29:22","modified_gmt":"2020-02-24T15:29:22","slug":"fabrication-et-pose-de-deux-meubles-en-bois-massif-de-salle-de-bain","status":"publish","type":"post","link":"https:\/\/terre-alternative.fr\/index.php\/2019\/04\/26\/fabrication-et-pose-de-deux-meubles-en-bois-massif-de-salle-de-bain\/","title":{"rendered":"Fabrication et pose de deux meubles en bois massif de salle de bain"},"content":{"rendered":"\n<p>Ces derni\u00e8res semaines, nous avons fabriqu\u00e9 deux meubles en <a href=\"https:\/\/lilm.co\/inspiration\/guide\/quelle-difference-entre-bois-massif-agglomere-et-contreplaque\/\">bois massif <\/a>pour am\u00e9nager une salle de bain. L&rsquo;un, facilite l&rsquo;entr\u00e9e en douche avec porte v\u00eatement, range serviette et panier \u00e0 linge. Tandis que l&rsquo;autre sert \u00e0 la toilette, et au maquillage avec un grand miroir porte bijou, vasque en verre et \u00e9tag\u00e8re pour les produits cosm\u00e9tiques.<\/p>\n\n\n\n<h3 class=\"wp-block-heading\">Meuble en bois massif sortie de douche<\/h3>\n\n\n\n<p>Nous avons r\u00e9alis\u00e9 ce meuble sur mesure, en 3 compartiments : 2 pour les serviettes et un 3\u00e8me pour le panier \u00e0 linge sale. Le tout avec une petite console sous-laquelle on peut ranger les v\u00eatements que l&rsquo;on souhaite r\u00e9utiliser le lendemain.<\/p>\n\n\n\n<figure class=\"wp-block-gallery columns-3 is-cropped wp-block-gallery-1 is-layout-flex wp-block-gallery-is-layout-flex\"><ul class=\"blocks-gallery-grid\"><li class=\"blocks-gallery-item\"><figure><img loading=\"lazy\" decoding=\"async\" width=\"1024\" height=\"768\" src=\"http:\/\/terre-alternative.fr\/wp-content\/uploads\/2019\/04\/IMG_20190409_064036-1024x768.jpg\" alt=\"\" data-id=\"1194\" data-link=\"http:\/\/terre-alternative.fr\/img_20190409_064036\/\" class=\"wp-image-1194\" srcset=\"https:\/\/terre-alternative.fr\/wp-content\/uploads\/2019\/04\/IMG_20190409_064036-1024x768.jpg 1024w, https:\/\/terre-alternative.fr\/wp-content\/uploads\/2019\/04\/IMG_20190409_064036-600x450.jpg 600w, https:\/\/terre-alternative.fr\/wp-content\/uploads\/2019\/04\/IMG_20190409_064036-300x225.jpg 300w, https:\/\/terre-alternative.fr\/wp-content\/uploads\/2019\/04\/IMG_20190409_064036-768x576.jpg 768w, https:\/\/terre-alternative.fr\/wp-content\/uploads\/2019\/04\/IMG_20190409_064036-1920x1440.jpg 1920w\" sizes=\"auto, (max-width: 1024px) 100vw, 1024px\" \/><\/figure><\/li><li class=\"blocks-gallery-item\"><figure><img loading=\"lazy\" decoding=\"async\" width=\"1024\" height=\"768\" src=\"http:\/\/terre-alternative.fr\/wp-content\/uploads\/2019\/04\/IMG_20190409_064052-1024x768.jpg\" alt=\"\" data-id=\"1195\" data-link=\"http:\/\/terre-alternative.fr\/img_20190409_064052\/\" class=\"wp-image-1195\" srcset=\"https:\/\/terre-alternative.fr\/wp-content\/uploads\/2019\/04\/IMG_20190409_064052-1024x768.jpg 1024w, https:\/\/terre-alternative.fr\/wp-content\/uploads\/2019\/04\/IMG_20190409_064052-600x450.jpg 600w, https:\/\/terre-alternative.fr\/wp-content\/uploads\/2019\/04\/IMG_20190409_064052-300x225.jpg 300w, https:\/\/terre-alternative.fr\/wp-content\/uploads\/2019\/04\/IMG_20190409_064052-768x576.jpg 768w, https:\/\/terre-alternative.fr\/wp-content\/uploads\/2019\/04\/IMG_20190409_064052-1920x1440.jpg 1920w\" sizes=\"auto, (max-width: 1024px) 100vw, 1024px\" \/><\/figure><\/li><li class=\"blocks-gallery-item\"><figure><img loading=\"lazy\" decoding=\"async\" width=\"768\" height=\"1024\" src=\"http:\/\/terre-alternative.fr\/wp-content\/uploads\/2019\/04\/IMG_20190409_064112-768x1024.jpg\" alt=\"\" data-id=\"1196\" data-link=\"http:\/\/terre-alternative.fr\/img_20190409_064112\/\" class=\"wp-image-1196\" srcset=\"https:\/\/terre-alternative.fr\/wp-content\/uploads\/2019\/04\/IMG_20190409_064112-768x1024.jpg 768w, https:\/\/terre-alternative.fr\/wp-content\/uploads\/2019\/04\/IMG_20190409_064112-600x800.jpg 600w, https:\/\/terre-alternative.fr\/wp-content\/uploads\/2019\/04\/IMG_20190409_064112-225x300.jpg 225w, https:\/\/terre-alternative.fr\/wp-content\/uploads\/2019\/04\/IMG_20190409_064112-1440x1920.jpg 1440w\" sizes=\"auto, (max-width: 768px) 100vw, 768px\" \/><\/figure><\/li><\/ul><\/figure>\n\n\n\n<h3 class=\"wp-block-heading\">Meuble sdb sous-vasque avec grand miroir porte bijoux<\/h3>\n\n\n\n<p>Le meuble sous vasque est modulaire, un caisson trois compartiments avec des \u00e9tag\u00e8res \u00e0 l&rsquo;int\u00e9rieur, une petite \u00e9tag\u00e8re en douglas flash\u00e9 et arrondi pour ranger les flacons, et un grand miroir en eucalyptus.<\/p>\n\n\n\n<p>La vasque en verre donne un design moderne et \u00e9pur\u00e9 que contraste avec le cot\u00e9 rustique du bois massif. C&rsquo;est aussi une mati\u00e8re neutre et transparente qui met en valeur le bois.<\/p>\n\n\n\n<figure class=\"wp-block-gallery columns-3 is-cropped wp-block-gallery-2 is-layout-flex wp-block-gallery-is-layout-flex\"><ul class=\"blocks-gallery-grid\"><li class=\"blocks-gallery-item\"><figure><img loading=\"lazy\" decoding=\"async\" width=\"768\" height=\"1024\" src=\"http:\/\/terre-alternative.fr\/wp-content\/uploads\/2019\/04\/IMG_20190425_211047-768x1024.jpg\" alt=\"\" data-id=\"1200\" data-link=\"http:\/\/terre-alternative.fr\/img_20190425_211047\/\" class=\"wp-image-1200\" srcset=\"https:\/\/terre-alternative.fr\/wp-content\/uploads\/2019\/04\/IMG_20190425_211047-768x1024.jpg 768w, https:\/\/terre-alternative.fr\/wp-content\/uploads\/2019\/04\/IMG_20190425_211047-600x800.jpg 600w, https:\/\/terre-alternative.fr\/wp-content\/uploads\/2019\/04\/IMG_20190425_211047-225x300.jpg 225w, https:\/\/terre-alternative.fr\/wp-content\/uploads\/2019\/04\/IMG_20190425_211047-1440x1920.jpg 1440w\" sizes=\"auto, (max-width: 768px) 100vw, 768px\" \/><\/figure><\/li><li class=\"blocks-gallery-item\"><figure><img loading=\"lazy\" decoding=\"async\" width=\"1024\" height=\"768\" src=\"http:\/\/terre-alternative.fr\/wp-content\/uploads\/2019\/04\/IMG_20190425_211120-1024x768.jpg\" alt=\"\" data-id=\"1202\" data-link=\"http:\/\/terre-alternative.fr\/img_20190425_211120\/\" class=\"wp-image-1202\" srcset=\"https:\/\/terre-alternative.fr\/wp-content\/uploads\/2019\/04\/IMG_20190425_211120-1024x768.jpg 1024w, https:\/\/terre-alternative.fr\/wp-content\/uploads\/2019\/04\/IMG_20190425_211120-600x450.jpg 600w, https:\/\/terre-alternative.fr\/wp-content\/uploads\/2019\/04\/IMG_20190425_211120-300x225.jpg 300w, https:\/\/terre-alternative.fr\/wp-content\/uploads\/2019\/04\/IMG_20190425_211120-768x576.jpg 768w, https:\/\/terre-alternative.fr\/wp-content\/uploads\/2019\/04\/IMG_20190425_211120-1920x1440.jpg 1920w\" sizes=\"auto, (max-width: 1024px) 100vw, 1024px\" \/><\/figure><\/li><li class=\"blocks-gallery-item\"><figure><img loading=\"lazy\" decoding=\"async\" width=\"768\" height=\"1024\" src=\"http:\/\/terre-alternative.fr\/wp-content\/uploads\/2019\/04\/IMG_20190425_212310-768x1024.jpg\" alt=\"\" data-id=\"1204\" data-link=\"http:\/\/terre-alternative.fr\/img_20190425_212310\/\" class=\"wp-image-1204\" srcset=\"https:\/\/terre-alternative.fr\/wp-content\/uploads\/2019\/04\/IMG_20190425_212310-768x1024.jpg 768w, https:\/\/terre-alternative.fr\/wp-content\/uploads\/2019\/04\/IMG_20190425_212310-600x800.jpg 600w, https:\/\/terre-alternative.fr\/wp-content\/uploads\/2019\/04\/IMG_20190425_212310-225x300.jpg 225w, https:\/\/terre-alternative.fr\/wp-content\/uploads\/2019\/04\/IMG_20190425_212310-1440x1920.jpg 1440w\" sizes=\"auto, (max-width: 768px) 100vw, 768px\" \/><\/figure><\/li><\/ul><\/figure>\n\n\n\n<p>Quelques photos de d\u00e9tails du miroir en eucalyptus, l&rsquo;eucalyptus est un bois tr\u00e8s nerveux. Juste apr\u00e8s le sciage, les planches sont \u00e9videmment bien  plates. Mais apr\u00e8s s\u00e9chage, les veines du bois se d\u00e9forme et deviennent  \u00e9poustouflantes. <\/p>\n\n\n\n<figure class=\"wp-block-gallery columns-3 is-cropped wp-block-gallery-3 is-layout-flex wp-block-gallery-is-layout-flex\"><ul class=\"blocks-gallery-grid\"><li class=\"blocks-gallery-item\"><figure><img loading=\"lazy\" decoding=\"async\" width=\"1024\" height=\"768\" src=\"http:\/\/terre-alternative.fr\/wp-content\/uploads\/2019\/04\/IMG_20190419_154759-1024x768.jpg\" alt=\"\" data-id=\"1199\" data-link=\"http:\/\/terre-alternative.fr\/img_20190419_154759\/\" class=\"wp-image-1199\" srcset=\"https:\/\/terre-alternative.fr\/wp-content\/uploads\/2019\/04\/IMG_20190419_154759-1024x768.jpg 1024w, https:\/\/terre-alternative.fr\/wp-content\/uploads\/2019\/04\/IMG_20190419_154759-600x450.jpg 600w, https:\/\/terre-alternative.fr\/wp-content\/uploads\/2019\/04\/IMG_20190419_154759-300x225.jpg 300w, https:\/\/terre-alternative.fr\/wp-content\/uploads\/2019\/04\/IMG_20190419_154759-768x576.jpg 768w, https:\/\/terre-alternative.fr\/wp-content\/uploads\/2019\/04\/IMG_20190419_154759-1920x1440.jpg 1920w\" sizes=\"auto, (max-width: 1024px) 100vw, 1024px\" \/><\/figure><\/li><li class=\"blocks-gallery-item\"><figure><img loading=\"lazy\" decoding=\"async\" width=\"1024\" height=\"768\" src=\"http:\/\/terre-alternative.fr\/wp-content\/uploads\/2019\/04\/IMG_20190419_154738-1024x768.jpg\" alt=\"\" data-id=\"1198\" data-link=\"http:\/\/terre-alternative.fr\/img_20190419_154738\/\" class=\"wp-image-1198\" srcset=\"https:\/\/terre-alternative.fr\/wp-content\/uploads\/2019\/04\/IMG_20190419_154738-1024x768.jpg 1024w, https:\/\/terre-alternative.fr\/wp-content\/uploads\/2019\/04\/IMG_20190419_154738-600x450.jpg 600w, https:\/\/terre-alternative.fr\/wp-content\/uploads\/2019\/04\/IMG_20190419_154738-300x225.jpg 300w, https:\/\/terre-alternative.fr\/wp-content\/uploads\/2019\/04\/IMG_20190419_154738-768x576.jpg 768w, https:\/\/terre-alternative.fr\/wp-content\/uploads\/2019\/04\/IMG_20190419_154738-1920x1440.jpg 1920w\" sizes=\"auto, (max-width: 1024px) 100vw, 1024px\" \/><\/figure><\/li><li class=\"blocks-gallery-item\"><figure><img loading=\"lazy\" decoding=\"async\" width=\"768\" height=\"1024\" src=\"http:\/\/terre-alternative.fr\/wp-content\/uploads\/2019\/04\/IMG_20190419_085825-768x1024.jpg\" alt=\"\" data-id=\"1197\" data-link=\"http:\/\/terre-alternative.fr\/img_20190419_085825\/\" class=\"wp-image-1197\" srcset=\"https:\/\/terre-alternative.fr\/wp-content\/uploads\/2019\/04\/IMG_20190419_085825-768x1024.jpg 768w, https:\/\/terre-alternative.fr\/wp-content\/uploads\/2019\/04\/IMG_20190419_085825-600x800.jpg 600w, https:\/\/terre-alternative.fr\/wp-content\/uploads\/2019\/04\/IMG_20190419_085825-225x300.jpg 225w, https:\/\/terre-alternative.fr\/wp-content\/uploads\/2019\/04\/IMG_20190419_085825-1440x1920.jpg 1440w\" sizes=\"auto, (max-width: 768px) 100vw, 768px\" \/><\/figure><\/li><\/ul><\/figure>\n\n\n\n<p>Pour tous devis ou demande de renseignement, n&rsquo;h\u00e9sitez pas \u00e0 <a href=\"http:\/\/terre-alternative.fr\/index.php\/contact\/\">nous contacter<\/a>.<\/p>\n","protected":false},"excerpt":{"rendered":"<p>Ces derni\u00e8res semaines, nous avons fabriqu\u00e9 deux meubles en bois massif pour am\u00e9nager une salle de bain. L&rsquo;un, facilite l&rsquo;entr\u00e9e en douche avec porte v\u00eatement, range serviette et panier \u00e0 linge. Tandis que l&rsquo;autre sert \u00e0 la toilette, et au maquillage avec un grand miroir porte bijou, vasque en verre et \u00e9tag\u00e8re pour les produits [&hellip;]<\/p>\n","protected":false},"author":1,"featured_media":1200,"comment_status":"open","ping_status":"open","sticky":false,"template":"","format":"standard","meta":{"_jetpack_memberships_contains_paid_content":false,"footnotes":"","jetpack_publicize_message":"","jetpack_publicize_feature_enabled":true,"jetpack_social_post_already_shared":false,"jetpack_social_options":{"image_generator_settings":{"template":"highway","enabled":false},"version":2}},"categories":[110,13],"tags":[],"class_list":["post-1193","post","type-post","status-publish","format-standard","has-post-thumbnail","hentry","category-menuiserie","category-menuiseries-interieures"],"jetpack_publicize_connections":[],"yoast_head":"<!-- This site is optimized with the Yoast SEO plugin v24.6 - https:\/\/yoast.com\/wordpress\/plugins\/seo\/ -->\n<title>Fabrication et pose de deux meubles en bois massif - terre-alternative.fr<\/title>\n<meta name=\"description\" content=\"Ces derni\u00e8res semaines, nous avons fabriqu\u00e9 et pos\u00e9 deux meubles en bois massif pour am\u00e9nager l&#039;int\u00e9rieur d&#039;une salle de bain.\" \/>\n<meta name=\"robots\" content=\"index, follow, max-snippet:-1, max-image-preview:large, max-video-preview:-1\" \/>\n<link rel=\"canonical\" href=\"https:\/\/terre-alternative.fr\/index.php\/2019\/04\/26\/fabrication-et-pose-de-deux-meubles-en-bois-massif-de-salle-de-bain\/\" \/>\n<meta property=\"og:locale\" content=\"fr_FR\" \/>\n<meta property=\"og:type\" content=\"article\" \/>\n<meta property=\"og:title\" content=\"Fabrication et pose de deux meubles en bois massif - terre-alternative.fr\" \/>\n<meta property=\"og:description\" content=\"Ces derni\u00e8res semaines, nous avons fabriqu\u00e9 et pos\u00e9 deux meubles en bois massif pour am\u00e9nager l&#039;int\u00e9rieur d&#039;une salle de bain.\" \/>\n<meta property=\"og:url\" content=\"https:\/\/terre-alternative.fr\/index.php\/2019\/04\/26\/fabrication-et-pose-de-deux-meubles-en-bois-massif-de-salle-de-bain\/\" \/>\n<meta property=\"og:site_name\" content=\"terre-alternative.fr\" \/>\n<meta property=\"article:publisher\" content=\"https:\/\/www.facebook.com\/Terre-alternative-sarl-910821875760088\/notifications\/\" \/>\n<meta property=\"article:published_time\" content=\"2019-04-26T11:46:47+00:00\" \/>\n<meta property=\"article:modified_time\" content=\"2020-02-24T15:29:22+00:00\" \/>\n<meta property=\"og:image\" content=\"https:\/\/terre-alternative.fr\/wp-content\/uploads\/2019\/04\/IMG_20190425_211047.jpg\" \/>\n\t<meta property=\"og:image:width\" content=\"3024\" \/>\n\t<meta property=\"og:image:height\" content=\"4032\" \/>\n\t<meta property=\"og:image:type\" content=\"image\/jpeg\" \/>\n<meta name=\"author\" content=\"Amaury Bidel\" \/>\n<meta name=\"twitter:card\" content=\"summary_large_image\" \/>\n<meta name=\"twitter:creator\" content=\"@terrealternati1\" \/>\n<meta name=\"twitter:site\" content=\"@terrealternati1\" \/>\n<meta name=\"twitter:label1\" content=\"\u00c9crit par\" \/>\n\t<meta name=\"twitter:data1\" content=\"Amaury Bidel\" \/>\n\t<meta name=\"twitter:label2\" content=\"Dur\u00e9e de lecture estim\u00e9e\" \/>\n\t<meta name=\"twitter:data2\" content=\"1 minute\" \/>\n<script type=\"application\/ld+json\" class=\"yoast-schema-graph\">{\"@context\":\"https:\/\/schema.org\",\"@graph\":[{\"@type\":\"Article\",\"@id\":\"https:\/\/terre-alternative.fr\/index.php\/2019\/04\/26\/fabrication-et-pose-de-deux-meubles-en-bois-massif-de-salle-de-bain\/#article\",\"isPartOf\":{\"@id\":\"https:\/\/terre-alternative.fr\/index.php\/2019\/04\/26\/fabrication-et-pose-de-deux-meubles-en-bois-massif-de-salle-de-bain\/\"},\"author\":{\"name\":\"Amaury Bidel\",\"@id\":\"https:\/\/terre-alternative.fr\/#\/schema\/person\/c47b36d3a7aa58194e70269ca7cece5f\"},\"headline\":\"Fabrication et pose de deux meubles en bois massif de salle de bain\",\"datePublished\":\"2019-04-26T11:46:47+00:00\",\"dateModified\":\"2020-02-24T15:29:22+00:00\",\"mainEntityOfPage\":{\"@id\":\"https:\/\/terre-alternative.fr\/index.php\/2019\/04\/26\/fabrication-et-pose-de-deux-meubles-en-bois-massif-de-salle-de-bain\/\"},\"wordCount\":251,\"commentCount\":1,\"publisher\":{\"@id\":\"https:\/\/terre-alternative.fr\/#organization\"},\"image\":{\"@id\":\"https:\/\/terre-alternative.fr\/index.php\/2019\/04\/26\/fabrication-et-pose-de-deux-meubles-en-bois-massif-de-salle-de-bain\/#primaryimage\"},\"thumbnailUrl\":\"https:\/\/terre-alternative.fr\/wp-content\/uploads\/2019\/04\/IMG_20190425_211047.jpg\",\"articleSection\":[\"menuiserie\",\"Menuiseries int\u00e9rieures\"],\"inLanguage\":\"fr-FR\",\"potentialAction\":[{\"@type\":\"CommentAction\",\"name\":\"Comment\",\"target\":[\"https:\/\/terre-alternative.fr\/index.php\/2019\/04\/26\/fabrication-et-pose-de-deux-meubles-en-bois-massif-de-salle-de-bain\/#respond\"]}]},{\"@type\":\"WebPage\",\"@id\":\"https:\/\/terre-alternative.fr\/index.php\/2019\/04\/26\/fabrication-et-pose-de-deux-meubles-en-bois-massif-de-salle-de-bain\/\",\"url\":\"https:\/\/terre-alternative.fr\/index.php\/2019\/04\/26\/fabrication-et-pose-de-deux-meubles-en-bois-massif-de-salle-de-bain\/\",\"name\":\"Fabrication et pose de deux meubles en bois massif - terre-alternative.fr\",\"isPartOf\":{\"@id\":\"https:\/\/terre-alternative.fr\/#website\"},\"primaryImageOfPage\":{\"@id\":\"https:\/\/terre-alternative.fr\/index.php\/2019\/04\/26\/fabrication-et-pose-de-deux-meubles-en-bois-massif-de-salle-de-bain\/#primaryimage\"},\"image\":{\"@id\":\"https:\/\/terre-alternative.fr\/index.php\/2019\/04\/26\/fabrication-et-pose-de-deux-meubles-en-bois-massif-de-salle-de-bain\/#primaryimage\"},\"thumbnailUrl\":\"https:\/\/terre-alternative.fr\/wp-content\/uploads\/2019\/04\/IMG_20190425_211047.jpg\",\"datePublished\":\"2019-04-26T11:46:47+00:00\",\"dateModified\":\"2020-02-24T15:29:22+00:00\",\"description\":\"Ces derni\u00e8res semaines, nous avons fabriqu\u00e9 et pos\u00e9 deux meubles en bois massif pour am\u00e9nager l'int\u00e9rieur d'une salle de bain.\",\"breadcrumb\":{\"@id\":\"https:\/\/terre-alternative.fr\/index.php\/2019\/04\/26\/fabrication-et-pose-de-deux-meubles-en-bois-massif-de-salle-de-bain\/#breadcrumb\"},\"inLanguage\":\"fr-FR\",\"potentialAction\":[{\"@type\":\"ReadAction\",\"target\":[\"https:\/\/terre-alternative.fr\/index.php\/2019\/04\/26\/fabrication-et-pose-de-deux-meubles-en-bois-massif-de-salle-de-bain\/\"]}]},{\"@type\":\"ImageObject\",\"inLanguage\":\"fr-FR\",\"@id\":\"https:\/\/terre-alternative.fr\/index.php\/2019\/04\/26\/fabrication-et-pose-de-deux-meubles-en-bois-massif-de-salle-de-bain\/#primaryimage\",\"url\":\"https:\/\/terre-alternative.fr\/wp-content\/uploads\/2019\/04\/IMG_20190425_211047.jpg\",\"contentUrl\":\"https:\/\/terre-alternative.fr\/wp-content\/uploads\/2019\/04\/IMG_20190425_211047.jpg\",\"width\":3024,\"height\":4032},{\"@type\":\"BreadcrumbList\",\"@id\":\"https:\/\/terre-alternative.fr\/index.php\/2019\/04\/26\/fabrication-et-pose-de-deux-meubles-en-bois-massif-de-salle-de-bain\/#breadcrumb\",\"itemListElement\":[{\"@type\":\"ListItem\",\"position\":1,\"name\":\"Accueil\",\"item\":\"https:\/\/terre-alternative.fr\/\"},{\"@type\":\"ListItem\",\"position\":2,\"name\":\"Fabrication et pose de deux meubles en bois massif de salle de bain\"}]},{\"@type\":\"WebSite\",\"@id\":\"https:\/\/terre-alternative.fr\/#website\",\"url\":\"https:\/\/terre-alternative.fr\/\",\"name\":\"terre-alternative.fr\",\"description\":\"Des habitats sains et naturels\",\"publisher\":{\"@id\":\"https:\/\/terre-alternative.fr\/#organization\"},\"potentialAction\":[{\"@type\":\"SearchAction\",\"target\":{\"@type\":\"EntryPoint\",\"urlTemplate\":\"https:\/\/terre-alternative.fr\/?s={search_term_string}\"},\"query-input\":{\"@type\":\"PropertyValueSpecification\",\"valueRequired\":true,\"valueName\":\"search_term_string\"}}],\"inLanguage\":\"fr-FR\"},{\"@type\":\"Organization\",\"@id\":\"https:\/\/terre-alternative.fr\/#organization\",\"name\":\"terre alternative sarl\",\"url\":\"https:\/\/terre-alternative.fr\/\",\"logo\":{\"@type\":\"ImageObject\",\"inLanguage\":\"fr-FR\",\"@id\":\"https:\/\/terre-alternative.fr\/#\/schema\/logo\/image\/\",\"url\":\"https:\/\/terre-alternative.fr\/wp-content\/uploads\/2017\/05\/LOGO-Terre-Alternative.png\",\"contentUrl\":\"https:\/\/terre-alternative.fr\/wp-content\/uploads\/2017\/05\/LOGO-Terre-Alternative.png\",\"width\":2475,\"height\":1120,\"caption\":\"terre alternative sarl\"},\"image\":{\"@id\":\"https:\/\/terre-alternative.fr\/#\/schema\/logo\/image\/\"},\"sameAs\":[\"https:\/\/www.facebook.com\/Terre-alternative-sarl-910821875760088\/notifications\/\",\"https:\/\/x.com\/terrealternati1\",\"https:\/\/www.pinterest.fr\/terrealternativesarl\/\",\"https:\/\/www.youtube.com\/channel\/UC1_xNjvD0yMEW1t_VZ8aAEw\"]},{\"@type\":\"Person\",\"@id\":\"https:\/\/terre-alternative.fr\/#\/schema\/person\/c47b36d3a7aa58194e70269ca7cece5f\",\"name\":\"Amaury Bidel\",\"image\":{\"@type\":\"ImageObject\",\"inLanguage\":\"fr-FR\",\"@id\":\"https:\/\/terre-alternative.fr\/#\/schema\/person\/image\/\",\"url\":\"https:\/\/secure.gravatar.com\/avatar\/7d14548e70471625d2bd22d118f605cea5c763a37a645c13877e3e5e99a969c8?s=96&d=mm&r=g\",\"contentUrl\":\"https:\/\/secure.gravatar.com\/avatar\/7d14548e70471625d2bd22d118f605cea5c763a37a645c13877e3e5e99a969c8?s=96&d=mm&r=g\",\"caption\":\"Amaury Bidel\"},\"description\":\"Apr\u00e8s avoir auto-construit ma maison en bois, paille et terre en 2009, et apr\u00e8s quelques aventures, je me suis lanc\u00e9 dans la r\u00e9novation et la construction de maison en centre Bretagne. Titulaire d'une licence professionnelle \\\"\u00e9conomies d'\u00e9nergies et \u00e9nergies renouvelables\\\" je mettrais mes comp\u00e9tences au service de vos projets, pour vous aider \u00e0 r\u00e9aliser des logements, sains, confortable et \u00e9conomes en \u00e9nergies.\",\"sameAs\":[\"http:\/\/terre-alternative.fr\"]}]}<\/script>\n<!-- \/ Yoast SEO plugin. -->","yoast_head_json":{"title":"Fabrication et pose de deux meubles en bois massif - terre-alternative.fr","description":"Ces derni\u00e8res semaines, nous avons fabriqu\u00e9 et pos\u00e9 deux meubles en bois massif pour am\u00e9nager l'int\u00e9rieur d'une salle de bain.","robots":{"index":"index","follow":"follow","max-snippet":"max-snippet:-1","max-image-preview":"max-image-preview:large","max-video-preview":"max-video-preview:-1"},"canonical":"https:\/\/terre-alternative.fr\/index.php\/2019\/04\/26\/fabrication-et-pose-de-deux-meubles-en-bois-massif-de-salle-de-bain\/","og_locale":"fr_FR","og_type":"article","og_title":"Fabrication et pose de deux meubles en bois massif - terre-alternative.fr","og_description":"Ces derni\u00e8res semaines, nous avons fabriqu\u00e9 et pos\u00e9 deux meubles en bois massif pour am\u00e9nager l'int\u00e9rieur d'une salle de bain.","og_url":"https:\/\/terre-alternative.fr\/index.php\/2019\/04\/26\/fabrication-et-pose-de-deux-meubles-en-bois-massif-de-salle-de-bain\/","og_site_name":"terre-alternative.fr","article_publisher":"https:\/\/www.facebook.com\/Terre-alternative-sarl-910821875760088\/notifications\/","article_published_time":"2019-04-26T11:46:47+00:00","article_modified_time":"2020-02-24T15:29:22+00:00","og_image":[{"width":3024,"height":4032,"url":"https:\/\/terre-alternative.fr\/wp-content\/uploads\/2019\/04\/IMG_20190425_211047.jpg","type":"image\/jpeg"}],"author":"Amaury Bidel","twitter_card":"summary_large_image","twitter_creator":"@terrealternati1","twitter_site":"@terrealternati1","twitter_misc":{"\u00c9crit par":"Amaury Bidel","Dur\u00e9e de lecture estim\u00e9e":"1 minute"},"schema":{"@context":"https:\/\/schema.org","@graph":[{"@type":"Article","@id":"https:\/\/terre-alternative.fr\/index.php\/2019\/04\/26\/fabrication-et-pose-de-deux-meubles-en-bois-massif-de-salle-de-bain\/#article","isPartOf":{"@id":"https:\/\/terre-alternative.fr\/index.php\/2019\/04\/26\/fabrication-et-pose-de-deux-meubles-en-bois-massif-de-salle-de-bain\/"},"author":{"name":"Amaury Bidel","@id":"https:\/\/terre-alternative.fr\/#\/schema\/person\/c47b36d3a7aa58194e70269ca7cece5f"},"headline":"Fabrication et pose de deux meubles en bois massif de salle de bain","datePublished":"2019-04-26T11:46:47+00:00","dateModified":"2020-02-24T15:29:22+00:00","mainEntityOfPage":{"@id":"https:\/\/terre-alternative.fr\/index.php\/2019\/04\/26\/fabrication-et-pose-de-deux-meubles-en-bois-massif-de-salle-de-bain\/"},"wordCount":251,"commentCount":1,"publisher":{"@id":"https:\/\/terre-alternative.fr\/#organization"},"image":{"@id":"https:\/\/terre-alternative.fr\/index.php\/2019\/04\/26\/fabrication-et-pose-de-deux-meubles-en-bois-massif-de-salle-de-bain\/#primaryimage"},"thumbnailUrl":"https:\/\/terre-alternative.fr\/wp-content\/uploads\/2019\/04\/IMG_20190425_211047.jpg","articleSection":["menuiserie","Menuiseries int\u00e9rieures"],"inLanguage":"fr-FR","potentialAction":[{"@type":"CommentAction","name":"Comment","target":["https:\/\/terre-alternative.fr\/index.php\/2019\/04\/26\/fabrication-et-pose-de-deux-meubles-en-bois-massif-de-salle-de-bain\/#respond"]}]},{"@type":"WebPage","@id":"https:\/\/terre-alternative.fr\/index.php\/2019\/04\/26\/fabrication-et-pose-de-deux-meubles-en-bois-massif-de-salle-de-bain\/","url":"https:\/\/terre-alternative.fr\/index.php\/2019\/04\/26\/fabrication-et-pose-de-deux-meubles-en-bois-massif-de-salle-de-bain\/","name":"Fabrication et pose de deux meubles en bois massif - terre-alternative.fr","isPartOf":{"@id":"https:\/\/terre-alternative.fr\/#website"},"primaryImageOfPage":{"@id":"https:\/\/terre-alternative.fr\/index.php\/2019\/04\/26\/fabrication-et-pose-de-deux-meubles-en-bois-massif-de-salle-de-bain\/#primaryimage"},"image":{"@id":"https:\/\/terre-alternative.fr\/index.php\/2019\/04\/26\/fabrication-et-pose-de-deux-meubles-en-bois-massif-de-salle-de-bain\/#primaryimage"},"thumbnailUrl":"https:\/\/terre-alternative.fr\/wp-content\/uploads\/2019\/04\/IMG_20190425_211047.jpg","datePublished":"2019-04-26T11:46:47+00:00","dateModified":"2020-02-24T15:29:22+00:00","description":"Ces derni\u00e8res semaines, nous avons fabriqu\u00e9 et pos\u00e9 deux meubles en bois massif pour am\u00e9nager l'int\u00e9rieur d'une salle de bain.","breadcrumb":{"@id":"https:\/\/terre-alternative.fr\/index.php\/2019\/04\/26\/fabrication-et-pose-de-deux-meubles-en-bois-massif-de-salle-de-bain\/#breadcrumb"},"inLanguage":"fr-FR","potentialAction":[{"@type":"ReadAction","target":["https:\/\/terre-alternative.fr\/index.php\/2019\/04\/26\/fabrication-et-pose-de-deux-meubles-en-bois-massif-de-salle-de-bain\/"]}]},{"@type":"ImageObject","inLanguage":"fr-FR","@id":"https:\/\/terre-alternative.fr\/index.php\/2019\/04\/26\/fabrication-et-pose-de-deux-meubles-en-bois-massif-de-salle-de-bain\/#primaryimage","url":"https:\/\/terre-alternative.fr\/wp-content\/uploads\/2019\/04\/IMG_20190425_211047.jpg","contentUrl":"https:\/\/terre-alternative.fr\/wp-content\/uploads\/2019\/04\/IMG_20190425_211047.jpg","width":3024,"height":4032},{"@type":"BreadcrumbList","@id":"https:\/\/terre-alternative.fr\/index.php\/2019\/04\/26\/fabrication-et-pose-de-deux-meubles-en-bois-massif-de-salle-de-bain\/#breadcrumb","itemListElement":[{"@type":"ListItem","position":1,"name":"Accueil","item":"https:\/\/terre-alternative.fr\/"},{"@type":"ListItem","position":2,"name":"Fabrication et pose de deux meubles en bois massif de salle de bain"}]},{"@type":"WebSite","@id":"https:\/\/terre-alternative.fr\/#website","url":"https:\/\/terre-alternative.fr\/","name":"terre-alternative.fr","description":"Des habitats sains et naturels","publisher":{"@id":"https:\/\/terre-alternative.fr\/#organization"},"potentialAction":[{"@type":"SearchAction","target":{"@type":"EntryPoint","urlTemplate":"https:\/\/terre-alternative.fr\/?s={search_term_string}"},"query-input":{"@type":"PropertyValueSpecification","valueRequired":true,"valueName":"search_term_string"}}],"inLanguage":"fr-FR"},{"@type":"Organization","@id":"https:\/\/terre-alternative.fr\/#organization","name":"terre alternative sarl","url":"https:\/\/terre-alternative.fr\/","logo":{"@type":"ImageObject","inLanguage":"fr-FR","@id":"https:\/\/terre-alternative.fr\/#\/schema\/logo\/image\/","url":"https:\/\/terre-alternative.fr\/wp-content\/uploads\/2017\/05\/LOGO-Terre-Alternative.png","contentUrl":"https:\/\/terre-alternative.fr\/wp-content\/uploads\/2017\/05\/LOGO-Terre-Alternative.png","width":2475,"height":1120,"caption":"terre alternative sarl"},"image":{"@id":"https:\/\/terre-alternative.fr\/#\/schema\/logo\/image\/"},"sameAs":["https:\/\/www.facebook.com\/Terre-alternative-sarl-910821875760088\/notifications\/","https:\/\/x.com\/terrealternati1","https:\/\/www.pinterest.fr\/terrealternativesarl\/","https:\/\/www.youtube.com\/channel\/UC1_xNjvD0yMEW1t_VZ8aAEw"]},{"@type":"Person","@id":"https:\/\/terre-alternative.fr\/#\/schema\/person\/c47b36d3a7aa58194e70269ca7cece5f","name":"Amaury Bidel","image":{"@type":"ImageObject","inLanguage":"fr-FR","@id":"https:\/\/terre-alternative.fr\/#\/schema\/person\/image\/","url":"https:\/\/secure.gravatar.com\/avatar\/7d14548e70471625d2bd22d118f605cea5c763a37a645c13877e3e5e99a969c8?s=96&d=mm&r=g","contentUrl":"https:\/\/secure.gravatar.com\/avatar\/7d14548e70471625d2bd22d118f605cea5c763a37a645c13877e3e5e99a969c8?s=96&d=mm&r=g","caption":"Amaury Bidel"},"description":"Apr\u00e8s avoir auto-construit ma maison en bois, paille et terre en 2009, et apr\u00e8s quelques aventures, je me suis lanc\u00e9 dans la r\u00e9novation et la construction de maison en centre Bretagne. Titulaire d'une licence professionnelle \"\u00e9conomies d'\u00e9nergies et \u00e9nergies renouvelables\" je mettrais mes comp\u00e9tences au service de vos projets, pour vous aider \u00e0 r\u00e9aliser des logements, sains, confortable et \u00e9conomes en \u00e9nergies.","sameAs":["http:\/\/terre-alternative.fr"]}]}},"jetpack_featured_media_url":"https:\/\/terre-alternative.fr\/wp-content\/uploads\/2019\/04\/IMG_20190425_211047.jpg","jetpack_sharing_enabled":true,"_links":{"self":[{"href":"https:\/\/terre-alternative.fr\/index.php\/wp-json\/wp\/v2\/posts\/1193","targetHints":{"allow":["GET"]}}],"collection":[{"href":"https:\/\/terre-alternative.fr\/index.php\/wp-json\/wp\/v2\/posts"}],"about":[{"href":"https:\/\/terre-alternative.fr\/index.php\/wp-json\/wp\/v2\/types\/post"}],"author":[{"embeddable":true,"href":"https:\/\/terre-alternative.fr\/index.php\/wp-json\/wp\/v2\/users\/1"}],"replies":[{"embeddable":true,"href":"https:\/\/terre-alternative.fr\/index.php\/wp-json\/wp\/v2\/comments?post=1193"}],"version-history":[{"count":3,"href":"https:\/\/terre-alternative.fr\/index.php\/wp-json\/wp\/v2\/posts\/1193\/revisions"}],"predecessor-version":[{"id":1738,"href":"https:\/\/terre-alternative.fr\/index.php\/wp-json\/wp\/v2\/posts\/1193\/revisions\/1738"}],"wp:featuredmedia":[{"embeddable":true,"href":"https:\/\/terre-alternative.fr\/index.php\/wp-json\/wp\/v2\/media\/1200"}],"wp:attachment":[{"href":"https:\/\/terre-alternative.fr\/index.php\/wp-json\/wp\/v2\/media?parent=1193"}],"wp:term":[{"taxonomy":"category","embeddable":true,"href":"https:\/\/terre-alternative.fr\/index.php\/wp-json\/wp\/v2\/categories?post=1193"},{"taxonomy":"post_tag","embeddable":true,"href":"https:\/\/terre-alternative.fr\/index.php\/wp-json\/wp\/v2\/tags?post=1193"}],"curies":[{"name":"wp","href":"https:\/\/api.w.org\/{rel}","templated":true}]}}