{"id":122,"date":"2017-07-10T16:23:04","date_gmt":"2017-07-10T14:23:04","guid":{"rendered":"http:\/\/terre-alternative.fr\/?p=122"},"modified":"2020-02-25T09:27:05","modified_gmt":"2020-02-25T08:27:05","slug":"des-enduits-chaux-chanvre-dans-une-chambre-denfant","status":"publish","type":"post","link":"https:\/\/terre-alternative.fr\/index.php\/2017\/07\/10\/des-enduits-chaux-chanvre-dans-une-chambre-denfant\/","title":{"rendered":"Des enduits chaux chanvre dans une chambre d&rsquo;enfant"},"content":{"rendered":"<p>En ce d\u00e9but juillet nous avons r\u00e9aliser des enduits chaux chanvre dans une chambre d&rsquo;enfant.<\/p>\n<p>Le chantier s&rsquo;est d\u00e9roul\u00e9e de mani\u00e8re participative avec les parents qui nous ont donn\u00e9 un coup de main \u00e0 la mise en oeuvre. Ils ont aussi bien pr\u00e9par\u00e9 le chantier : d\u00e9molition du vielles plaques de pl\u00e2tre et \u00e9vacuation, pose des plinthes et rebouchage des espaces trop larges entre le plancher et le mur, enfin ils ont aussi bien fix\u00e9 les gaines le long du mur et v\u00e9rifi\u00e9 la bonne tenue des prises au mur. Autant de petites \u00e9tapes qui ont leur importance pour que le chantier de projection se d\u00e9roule bien et aussi pour diminuer les co\u00fbt.<\/p>\n<p>Pour \u00e9gailler un peu la chambre, nous avons incrust\u00e9 lors de la projection, pendant que l&rsquo;enduit \u00e9tait encore frais des petits ronds \u00e9maill\u00e9s de couleur jaune orang\u00e9e.<\/p>\n<p>De m\u00eame, pour conserver le cachet de la maison en pierre, les ma\u00eetres d&rsquo;oeuvre ont souhait\u00e9 garder quelques belles pierres apparentes, ce qui est tout \u00e0 fait possible.<\/p>\n<p>Si vous souhaitez plus d&rsquo;information sur les enduits chaux-chanvre ou sur les incrustations d&rsquo;\u00e9mail dans les enduits, n&rsquo;h\u00e9sitez pas \u00e0 <a href=\"http:\/\/terre-alternative.fr\/index.php\/contact\/\">nous contacter<\/a>.<\/p>\n","protected":false},"excerpt":{"rendered":"<p>En ce d\u00e9but juillet nous avons r\u00e9aliser des enduits chaux chanvre dans une chambre d&rsquo;enfant. Le chantier s&rsquo;est d\u00e9roul\u00e9e de mani\u00e8re participative avec les parents qui nous ont donn\u00e9 un coup de main \u00e0 la mise en oeuvre. Ils ont aussi bien pr\u00e9par\u00e9 le chantier : d\u00e9molition du vielles plaques de pl\u00e2tre et \u00e9vacuation, pose [&hellip;]<\/p>\n","protected":false},"author":1,"featured_media":119,"comment_status":"open","ping_status":"open","sticky":false,"template":"","format":"gallery","meta":{"_jetpack_memberships_contains_paid_content":false,"footnotes":"","jetpack_publicize_message":"","jetpack_publicize_feature_enabled":true,"jetpack_social_post_already_shared":false,"jetpack_social_options":{"image_generator_settings":{"template":"highway","enabled":false},"version":2}},"categories":[49,26,10,12],"tags":[51,47,102,52],"class_list":["post-122","post","type-post","status-publish","format-gallery","has-post-thumbnail","hentry","category-chantier-participatif","category-chantiers-finis","category-enduits-chaux","category-enduits-chaux-chanvre","tag-chantier-participatif","tag-enduit","tag-enduit-chaux-chanvre","tag-incrustations-demail","post_format-post-format-gallery"],"jetpack_publicize_connections":[],"yoast_head":"<!-- This site is optimized with the Yoast SEO plugin v24.6 - https:\/\/yoast.com\/wordpress\/plugins\/seo\/ -->\n<title>Des enduits chaux chanvre dans une chambre d&#039;enfant - terre-alternative.fr<\/title>\n<meta name=\"description\" content=\"En ce d\u00e9but juillet nous avons r\u00e9aliser des enduits chaux chanvre dans une chambre d&#039;enfant. Le chantier s&#039;est d\u00e9roul\u00e9e de mani\u00e8re participative !\" \/>\n<meta name=\"robots\" content=\"index, follow, max-snippet:-1, max-image-preview:large, max-video-preview:-1\" \/>\n<link rel=\"canonical\" href=\"https:\/\/terre-alternative.fr\/index.php\/2017\/07\/10\/des-enduits-chaux-chanvre-dans-une-chambre-denfant\/\" \/>\n<meta property=\"og:locale\" content=\"fr_FR\" \/>\n<meta property=\"og:type\" content=\"article\" \/>\n<meta property=\"og:title\" content=\"Des enduits chaux chanvre dans une chambre d&#039;enfant - terre-alternative.fr\" \/>\n<meta property=\"og:description\" content=\"En ce d\u00e9but juillet nous avons r\u00e9aliser des enduits chaux chanvre dans une chambre d&#039;enfant. Le chantier s&#039;est d\u00e9roul\u00e9e de mani\u00e8re participative !\" \/>\n<meta property=\"og:url\" content=\"https:\/\/terre-alternative.fr\/index.php\/2017\/07\/10\/des-enduits-chaux-chanvre-dans-une-chambre-denfant\/\" \/>\n<meta property=\"og:site_name\" content=\"terre-alternative.fr\" \/>\n<meta property=\"article:publisher\" content=\"https:\/\/www.facebook.com\/Terre-alternative-sarl-910821875760088\/notifications\/\" \/>\n<meta property=\"article:published_time\" content=\"2017-07-10T14:23:04+00:00\" \/>\n<meta property=\"article:modified_time\" content=\"2020-02-25T08:27:05+00:00\" \/>\n<meta property=\"og:image\" content=\"https:\/\/terre-alternative.fr\/wp-content\/uploads\/2017\/08\/Enduit-chaux-chanvre-chambre-enfant-1.jpg\" \/>\n\t<meta property=\"og:image:width\" content=\"3872\" \/>\n\t<meta property=\"og:image:height\" content=\"2592\" \/>\n\t<meta property=\"og:image:type\" content=\"image\/jpeg\" \/>\n<meta name=\"author\" content=\"Amaury Bidel\" \/>\n<meta name=\"twitter:card\" content=\"summary_large_image\" \/>\n<meta name=\"twitter:creator\" content=\"@terrealternati1\" \/>\n<meta name=\"twitter:site\" content=\"@terrealternati1\" \/>\n<meta name=\"twitter:label1\" content=\"\u00c9crit par\" \/>\n\t<meta name=\"twitter:data1\" content=\"Amaury Bidel\" \/>\n\t<meta name=\"twitter:label2\" content=\"Dur\u00e9e de lecture estim\u00e9e\" \/>\n\t<meta name=\"twitter:data2\" content=\"1 minute\" \/>\n<script type=\"application\/ld+json\" class=\"yoast-schema-graph\">{\"@context\":\"https:\/\/schema.org\",\"@graph\":[{\"@type\":\"Article\",\"@id\":\"https:\/\/terre-alternative.fr\/index.php\/2017\/07\/10\/des-enduits-chaux-chanvre-dans-une-chambre-denfant\/#article\",\"isPartOf\":{\"@id\":\"https:\/\/terre-alternative.fr\/index.php\/2017\/07\/10\/des-enduits-chaux-chanvre-dans-une-chambre-denfant\/\"},\"author\":{\"name\":\"Amaury Bidel\",\"@id\":\"https:\/\/terre-alternative.fr\/#\/schema\/person\/c47b36d3a7aa58194e70269ca7cece5f\"},\"headline\":\"Des enduits chaux chanvre dans une chambre d&rsquo;enfant\",\"datePublished\":\"2017-07-10T14:23:04+00:00\",\"dateModified\":\"2020-02-25T08:27:05+00:00\",\"mainEntityOfPage\":{\"@id\":\"https:\/\/terre-alternative.fr\/index.php\/2017\/07\/10\/des-enduits-chaux-chanvre-dans-une-chambre-denfant\/\"},\"wordCount\":211,\"commentCount\":0,\"publisher\":{\"@id\":\"https:\/\/terre-alternative.fr\/#organization\"},\"image\":{\"@id\":\"https:\/\/terre-alternative.fr\/index.php\/2017\/07\/10\/des-enduits-chaux-chanvre-dans-une-chambre-denfant\/#primaryimage\"},\"thumbnailUrl\":\"https:\/\/terre-alternative.fr\/wp-content\/uploads\/2017\/08\/Enduit-chaux-chanvre-chambre-enfant-1.jpg\",\"keywords\":[\"chantier participatif\",\"enduit\",\"enduit chaux chanvre\",\"incrustations d'\u00e9mail\"],\"articleSection\":[\"Chantier Participatif\",\"Chantiers finis\",\"Enduits chaux\",\"Enduits chaux-chanvre\"],\"inLanguage\":\"fr-FR\",\"potentialAction\":[{\"@type\":\"CommentAction\",\"name\":\"Comment\",\"target\":[\"https:\/\/terre-alternative.fr\/index.php\/2017\/07\/10\/des-enduits-chaux-chanvre-dans-une-chambre-denfant\/#respond\"]}]},{\"@type\":\"WebPage\",\"@id\":\"https:\/\/terre-alternative.fr\/index.php\/2017\/07\/10\/des-enduits-chaux-chanvre-dans-une-chambre-denfant\/\",\"url\":\"https:\/\/terre-alternative.fr\/index.php\/2017\/07\/10\/des-enduits-chaux-chanvre-dans-une-chambre-denfant\/\",\"name\":\"Des enduits chaux chanvre dans une chambre d'enfant - terre-alternative.fr\",\"isPartOf\":{\"@id\":\"https:\/\/terre-alternative.fr\/#website\"},\"primaryImageOfPage\":{\"@id\":\"https:\/\/terre-alternative.fr\/index.php\/2017\/07\/10\/des-enduits-chaux-chanvre-dans-une-chambre-denfant\/#primaryimage\"},\"image\":{\"@id\":\"https:\/\/terre-alternative.fr\/index.php\/2017\/07\/10\/des-enduits-chaux-chanvre-dans-une-chambre-denfant\/#primaryimage\"},\"thumbnailUrl\":\"https:\/\/terre-alternative.fr\/wp-content\/uploads\/2017\/08\/Enduit-chaux-chanvre-chambre-enfant-1.jpg\",\"datePublished\":\"2017-07-10T14:23:04+00:00\",\"dateModified\":\"2020-02-25T08:27:05+00:00\",\"description\":\"En ce d\u00e9but juillet nous avons r\u00e9aliser des enduits chaux chanvre dans une chambre d'enfant. Le chantier s'est d\u00e9roul\u00e9e de mani\u00e8re participative !\",\"breadcrumb\":{\"@id\":\"https:\/\/terre-alternative.fr\/index.php\/2017\/07\/10\/des-enduits-chaux-chanvre-dans-une-chambre-denfant\/#breadcrumb\"},\"inLanguage\":\"fr-FR\",\"potentialAction\":[{\"@type\":\"ReadAction\",\"target\":[\"https:\/\/terre-alternative.fr\/index.php\/2017\/07\/10\/des-enduits-chaux-chanvre-dans-une-chambre-denfant\/\"]}]},{\"@type\":\"ImageObject\",\"inLanguage\":\"fr-FR\",\"@id\":\"https:\/\/terre-alternative.fr\/index.php\/2017\/07\/10\/des-enduits-chaux-chanvre-dans-une-chambre-denfant\/#primaryimage\",\"url\":\"https:\/\/terre-alternative.fr\/wp-content\/uploads\/2017\/08\/Enduit-chaux-chanvre-chambre-enfant-1.jpg\",\"contentUrl\":\"https:\/\/terre-alternative.fr\/wp-content\/uploads\/2017\/08\/Enduit-chaux-chanvre-chambre-enfant-1.jpg\",\"width\":3872,\"height\":2592,\"caption\":\"R\u00e9alisation d'un enduit chaux chanvre avec des incrustations d'\u00e9mail dans une chambre d'enfant en chantier participatif.\"},{\"@type\":\"BreadcrumbList\",\"@id\":\"https:\/\/terre-alternative.fr\/index.php\/2017\/07\/10\/des-enduits-chaux-chanvre-dans-une-chambre-denfant\/#breadcrumb\",\"itemListElement\":[{\"@type\":\"ListItem\",\"position\":1,\"name\":\"Accueil\",\"item\":\"https:\/\/terre-alternative.fr\/\"},{\"@type\":\"ListItem\",\"position\":2,\"name\":\"Des enduits chaux chanvre dans une chambre d&rsquo;enfant\"}]},{\"@type\":\"WebSite\",\"@id\":\"https:\/\/terre-alternative.fr\/#website\",\"url\":\"https:\/\/terre-alternative.fr\/\",\"name\":\"terre-alternative.fr\",\"description\":\"Des habitats sains et naturels\",\"publisher\":{\"@id\":\"https:\/\/terre-alternative.fr\/#organization\"},\"potentialAction\":[{\"@type\":\"SearchAction\",\"target\":{\"@type\":\"EntryPoint\",\"urlTemplate\":\"https:\/\/terre-alternative.fr\/?s={search_term_string}\"},\"query-input\":{\"@type\":\"PropertyValueSpecification\",\"valueRequired\":true,\"valueName\":\"search_term_string\"}}],\"inLanguage\":\"fr-FR\"},{\"@type\":\"Organization\",\"@id\":\"https:\/\/terre-alternative.fr\/#organization\",\"name\":\"terre alternative sarl\",\"url\":\"https:\/\/terre-alternative.fr\/\",\"logo\":{\"@type\":\"ImageObject\",\"inLanguage\":\"fr-FR\",\"@id\":\"https:\/\/terre-alternative.fr\/#\/schema\/logo\/image\/\",\"url\":\"https:\/\/terre-alternative.fr\/wp-content\/uploads\/2017\/05\/LOGO-Terre-Alternative.png\",\"contentUrl\":\"https:\/\/terre-alternative.fr\/wp-content\/uploads\/2017\/05\/LOGO-Terre-Alternative.png\",\"width\":2475,\"height\":1120,\"caption\":\"terre alternative sarl\"},\"image\":{\"@id\":\"https:\/\/terre-alternative.fr\/#\/schema\/logo\/image\/\"},\"sameAs\":[\"https:\/\/www.facebook.com\/Terre-alternative-sarl-910821875760088\/notifications\/\",\"https:\/\/x.com\/terrealternati1\",\"https:\/\/www.pinterest.fr\/terrealternativesarl\/\",\"https:\/\/www.youtube.com\/channel\/UC1_xNjvD0yMEW1t_VZ8aAEw\"]},{\"@type\":\"Person\",\"@id\":\"https:\/\/terre-alternative.fr\/#\/schema\/person\/c47b36d3a7aa58194e70269ca7cece5f\",\"name\":\"Amaury Bidel\",\"image\":{\"@type\":\"ImageObject\",\"inLanguage\":\"fr-FR\",\"@id\":\"https:\/\/terre-alternative.fr\/#\/schema\/person\/image\/\",\"url\":\"https:\/\/secure.gravatar.com\/avatar\/7d14548e70471625d2bd22d118f605cea5c763a37a645c13877e3e5e99a969c8?s=96&d=mm&r=g\",\"contentUrl\":\"https:\/\/secure.gravatar.com\/avatar\/7d14548e70471625d2bd22d118f605cea5c763a37a645c13877e3e5e99a969c8?s=96&d=mm&r=g\",\"caption\":\"Amaury Bidel\"},\"description\":\"Apr\u00e8s avoir auto-construit ma maison en bois, paille et terre en 2009, et apr\u00e8s quelques aventures, je me suis lanc\u00e9 dans la r\u00e9novation et la construction de maison en centre Bretagne. Titulaire d'une licence professionnelle \\\"\u00e9conomies d'\u00e9nergies et \u00e9nergies renouvelables\\\" je mettrais mes comp\u00e9tences au service de vos projets, pour vous aider \u00e0 r\u00e9aliser des logements, sains, confortable et \u00e9conomes en \u00e9nergies.\",\"sameAs\":[\"http:\/\/terre-alternative.fr\"]}]}<\/script>\n<!-- \/ Yoast SEO plugin. -->","yoast_head_json":{"title":"Des enduits chaux chanvre dans une chambre d'enfant - terre-alternative.fr","description":"En ce d\u00e9but juillet nous avons r\u00e9aliser des enduits chaux chanvre dans une chambre d'enfant. Le chantier s'est d\u00e9roul\u00e9e de mani\u00e8re participative !","robots":{"index":"index","follow":"follow","max-snippet":"max-snippet:-1","max-image-preview":"max-image-preview:large","max-video-preview":"max-video-preview:-1"},"canonical":"https:\/\/terre-alternative.fr\/index.php\/2017\/07\/10\/des-enduits-chaux-chanvre-dans-une-chambre-denfant\/","og_locale":"fr_FR","og_type":"article","og_title":"Des enduits chaux chanvre dans une chambre d'enfant - terre-alternative.fr","og_description":"En ce d\u00e9but juillet nous avons r\u00e9aliser des enduits chaux chanvre dans une chambre d'enfant. Le chantier s'est d\u00e9roul\u00e9e de mani\u00e8re participative !","og_url":"https:\/\/terre-alternative.fr\/index.php\/2017\/07\/10\/des-enduits-chaux-chanvre-dans-une-chambre-denfant\/","og_site_name":"terre-alternative.fr","article_publisher":"https:\/\/www.facebook.com\/Terre-alternative-sarl-910821875760088\/notifications\/","article_published_time":"2017-07-10T14:23:04+00:00","article_modified_time":"2020-02-25T08:27:05+00:00","og_image":[{"width":3872,"height":2592,"url":"https:\/\/terre-alternative.fr\/wp-content\/uploads\/2017\/08\/Enduit-chaux-chanvre-chambre-enfant-1.jpg","type":"image\/jpeg"}],"author":"Amaury Bidel","twitter_card":"summary_large_image","twitter_creator":"@terrealternati1","twitter_site":"@terrealternati1","twitter_misc":{"\u00c9crit par":"Amaury Bidel","Dur\u00e9e de lecture estim\u00e9e":"1 minute"},"schema":{"@context":"https:\/\/schema.org","@graph":[{"@type":"Article","@id":"https:\/\/terre-alternative.fr\/index.php\/2017\/07\/10\/des-enduits-chaux-chanvre-dans-une-chambre-denfant\/#article","isPartOf":{"@id":"https:\/\/terre-alternative.fr\/index.php\/2017\/07\/10\/des-enduits-chaux-chanvre-dans-une-chambre-denfant\/"},"author":{"name":"Amaury Bidel","@id":"https:\/\/terre-alternative.fr\/#\/schema\/person\/c47b36d3a7aa58194e70269ca7cece5f"},"headline":"Des enduits chaux chanvre dans une chambre d&rsquo;enfant","datePublished":"2017-07-10T14:23:04+00:00","dateModified":"2020-02-25T08:27:05+00:00","mainEntityOfPage":{"@id":"https:\/\/terre-alternative.fr\/index.php\/2017\/07\/10\/des-enduits-chaux-chanvre-dans-une-chambre-denfant\/"},"wordCount":211,"commentCount":0,"publisher":{"@id":"https:\/\/terre-alternative.fr\/#organization"},"image":{"@id":"https:\/\/terre-alternative.fr\/index.php\/2017\/07\/10\/des-enduits-chaux-chanvre-dans-une-chambre-denfant\/#primaryimage"},"thumbnailUrl":"https:\/\/terre-alternative.fr\/wp-content\/uploads\/2017\/08\/Enduit-chaux-chanvre-chambre-enfant-1.jpg","keywords":["chantier participatif","enduit","enduit chaux chanvre","incrustations d'\u00e9mail"],"articleSection":["Chantier Participatif","Chantiers finis","Enduits chaux","Enduits chaux-chanvre"],"inLanguage":"fr-FR","potentialAction":[{"@type":"CommentAction","name":"Comment","target":["https:\/\/terre-alternative.fr\/index.php\/2017\/07\/10\/des-enduits-chaux-chanvre-dans-une-chambre-denfant\/#respond"]}]},{"@type":"WebPage","@id":"https:\/\/terre-alternative.fr\/index.php\/2017\/07\/10\/des-enduits-chaux-chanvre-dans-une-chambre-denfant\/","url":"https:\/\/terre-alternative.fr\/index.php\/2017\/07\/10\/des-enduits-chaux-chanvre-dans-une-chambre-denfant\/","name":"Des enduits chaux chanvre dans une chambre d'enfant - terre-alternative.fr","isPartOf":{"@id":"https:\/\/terre-alternative.fr\/#website"},"primaryImageOfPage":{"@id":"https:\/\/terre-alternative.fr\/index.php\/2017\/07\/10\/des-enduits-chaux-chanvre-dans-une-chambre-denfant\/#primaryimage"},"image":{"@id":"https:\/\/terre-alternative.fr\/index.php\/2017\/07\/10\/des-enduits-chaux-chanvre-dans-une-chambre-denfant\/#primaryimage"},"thumbnailUrl":"https:\/\/terre-alternative.fr\/wp-content\/uploads\/2017\/08\/Enduit-chaux-chanvre-chambre-enfant-1.jpg","datePublished":"2017-07-10T14:23:04+00:00","dateModified":"2020-02-25T08:27:05+00:00","description":"En ce d\u00e9but juillet nous avons r\u00e9aliser des enduits chaux chanvre dans une chambre d'enfant. Le chantier s'est d\u00e9roul\u00e9e de mani\u00e8re participative !","breadcrumb":{"@id":"https:\/\/terre-alternative.fr\/index.php\/2017\/07\/10\/des-enduits-chaux-chanvre-dans-une-chambre-denfant\/#breadcrumb"},"inLanguage":"fr-FR","potentialAction":[{"@type":"ReadAction","target":["https:\/\/terre-alternative.fr\/index.php\/2017\/07\/10\/des-enduits-chaux-chanvre-dans-une-chambre-denfant\/"]}]},{"@type":"ImageObject","inLanguage":"fr-FR","@id":"https:\/\/terre-alternative.fr\/index.php\/2017\/07\/10\/des-enduits-chaux-chanvre-dans-une-chambre-denfant\/#primaryimage","url":"https:\/\/terre-alternative.fr\/wp-content\/uploads\/2017\/08\/Enduit-chaux-chanvre-chambre-enfant-1.jpg","contentUrl":"https:\/\/terre-alternative.fr\/wp-content\/uploads\/2017\/08\/Enduit-chaux-chanvre-chambre-enfant-1.jpg","width":3872,"height":2592,"caption":"R\u00e9alisation d'un enduit chaux chanvre avec des incrustations d'\u00e9mail dans une chambre d'enfant en chantier participatif."},{"@type":"BreadcrumbList","@id":"https:\/\/terre-alternative.fr\/index.php\/2017\/07\/10\/des-enduits-chaux-chanvre-dans-une-chambre-denfant\/#breadcrumb","itemListElement":[{"@type":"ListItem","position":1,"name":"Accueil","item":"https:\/\/terre-alternative.fr\/"},{"@type":"ListItem","position":2,"name":"Des enduits chaux chanvre dans une chambre d&rsquo;enfant"}]},{"@type":"WebSite","@id":"https:\/\/terre-alternative.fr\/#website","url":"https:\/\/terre-alternative.fr\/","name":"terre-alternative.fr","description":"Des habitats sains et naturels","publisher":{"@id":"https:\/\/terre-alternative.fr\/#organization"},"potentialAction":[{"@type":"SearchAction","target":{"@type":"EntryPoint","urlTemplate":"https:\/\/terre-alternative.fr\/?s={search_term_string}"},"query-input":{"@type":"PropertyValueSpecification","valueRequired":true,"valueName":"search_term_string"}}],"inLanguage":"fr-FR"},{"@type":"Organization","@id":"https:\/\/terre-alternative.fr\/#organization","name":"terre alternative sarl","url":"https:\/\/terre-alternative.fr\/","logo":{"@type":"ImageObject","inLanguage":"fr-FR","@id":"https:\/\/terre-alternative.fr\/#\/schema\/logo\/image\/","url":"https:\/\/terre-alternative.fr\/wp-content\/uploads\/2017\/05\/LOGO-Terre-Alternative.png","contentUrl":"https:\/\/terre-alternative.fr\/wp-content\/uploads\/2017\/05\/LOGO-Terre-Alternative.png","width":2475,"height":1120,"caption":"terre alternative sarl"},"image":{"@id":"https:\/\/terre-alternative.fr\/#\/schema\/logo\/image\/"},"sameAs":["https:\/\/www.facebook.com\/Terre-alternative-sarl-910821875760088\/notifications\/","https:\/\/x.com\/terrealternati1","https:\/\/www.pinterest.fr\/terrealternativesarl\/","https:\/\/www.youtube.com\/channel\/UC1_xNjvD0yMEW1t_VZ8aAEw"]},{"@type":"Person","@id":"https:\/\/terre-alternative.fr\/#\/schema\/person\/c47b36d3a7aa58194e70269ca7cece5f","name":"Amaury Bidel","image":{"@type":"ImageObject","inLanguage":"fr-FR","@id":"https:\/\/terre-alternative.fr\/#\/schema\/person\/image\/","url":"https:\/\/secure.gravatar.com\/avatar\/7d14548e70471625d2bd22d118f605cea5c763a37a645c13877e3e5e99a969c8?s=96&d=mm&r=g","contentUrl":"https:\/\/secure.gravatar.com\/avatar\/7d14548e70471625d2bd22d118f605cea5c763a37a645c13877e3e5e99a969c8?s=96&d=mm&r=g","caption":"Amaury Bidel"},"description":"Apr\u00e8s avoir auto-construit ma maison en bois, paille et terre en 2009, et apr\u00e8s quelques aventures, je me suis lanc\u00e9 dans la r\u00e9novation et la construction de maison en centre Bretagne. Titulaire d'une licence professionnelle \"\u00e9conomies d'\u00e9nergies et \u00e9nergies renouvelables\" je mettrais mes comp\u00e9tences au service de vos projets, pour vous aider \u00e0 r\u00e9aliser des logements, sains, confortable et \u00e9conomes en \u00e9nergies.","sameAs":["http:\/\/terre-alternative.fr"]}]}},"jetpack_featured_media_url":"https:\/\/terre-alternative.fr\/wp-content\/uploads\/2017\/08\/Enduit-chaux-chanvre-chambre-enfant-1.jpg","jetpack_sharing_enabled":true,"_links":{"self":[{"href":"https:\/\/terre-alternative.fr\/index.php\/wp-json\/wp\/v2\/posts\/122","targetHints":{"allow":["GET"]}}],"collection":[{"href":"https:\/\/terre-alternative.fr\/index.php\/wp-json\/wp\/v2\/posts"}],"about":[{"href":"https:\/\/terre-alternative.fr\/index.php\/wp-json\/wp\/v2\/types\/post"}],"author":[{"embeddable":true,"href":"https:\/\/terre-alternative.fr\/index.php\/wp-json\/wp\/v2\/users\/1"}],"replies":[{"embeddable":true,"href":"https:\/\/terre-alternative.fr\/index.php\/wp-json\/wp\/v2\/comments?post=122"}],"version-history":[{"count":2,"href":"https:\/\/terre-alternative.fr\/index.php\/wp-json\/wp\/v2\/posts\/122\/revisions"}],"predecessor-version":[{"id":1762,"href":"https:\/\/terre-alternative.fr\/index.php\/wp-json\/wp\/v2\/posts\/122\/revisions\/1762"}],"wp:featuredmedia":[{"embeddable":true,"href":"https:\/\/terre-alternative.fr\/index.php\/wp-json\/wp\/v2\/media\/119"}],"wp:attachment":[{"href":"https:\/\/terre-alternative.fr\/index.php\/wp-json\/wp\/v2\/media?parent=122"}],"wp:term":[{"taxonomy":"category","embeddable":true,"href":"https:\/\/terre-alternative.fr\/index.php\/wp-json\/wp\/v2\/categories?post=122"},{"taxonomy":"post_tag","embeddable":true,"href":"https:\/\/terre-alternative.fr\/index.php\/wp-json\/wp\/v2\/tags?post=122"}],"curies":[{"name":"wp","href":"https:\/\/api.w.org\/{rel}","templated":true}]}}