{"id":1945,"date":"2021-04-10T11:17:10","date_gmt":"2021-04-10T09:17:10","guid":{"rendered":"https:\/\/terre-alternative.fr\/?p=1945"},"modified":"2021-04-10T11:19:40","modified_gmt":"2021-04-10T09:19:40","slug":"offre-demploi-de-macon","status":"publish","type":"post","link":"https:\/\/terre-alternative.fr\/index.php\/2021\/04\/10\/offre-demploi-de-macon\/","title":{"rendered":"terre alternative recrute un ma\u00e7on !"},"content":{"rendered":"\n<p>terre alternative sarl et son \u00e9quipe cherche de nouveaux co-\u00e9quipiers en ma\u00e7onnerie. En effet, nous recrutons un ma\u00e7on (H\/F) autonome, motiv\u00e9(e) par la <a href=\"https:\/\/terre-alternative.fr\/index.php\/maconnerie-ancienne\/\">ma\u00e7onnerie pierre<\/a>, les <a href=\"https:\/\/terre-alternative.fr\/index.php\/2018\/06\/06\/les-enduits-chaux-chanvre-ideaux-dans-la-renovation-du-bati-ancien\/\">enduits \u00e0 la chaux<\/a>, ainsi que la <a href=\"https:\/\/terre-alternative.fr\/index.php\/2020\/12\/16\/terre-pour-enduits\/\">terre en tant que mat\u00e9riau<\/a>. Dans un monde en profonde mutation, de nombreux d\u00e9fis sont \u00e0 relever pour vivre plus en harmonie avec notre environnement. Dans ce contexte, terre alternative soutient une d\u00e9marche globale d&rsquo;\u00e9co-construction.<\/p>\n\n\n\n<p><br>Vous \u00eates une personne de terrain, vous \u00eates autonome ou en passe de l&rsquo;\u00eatre. De plus, vous savez travailler en s\u00e9curit\u00e9 et utiliser les moyens appropri\u00e9s \u00e0 la t\u00e2che qui vous est confi\u00e9e. Enfin, vous travaillerez le plus souvent en ext\u00e9rieur.<\/p>\n\n\n\n<p><br>Au-del\u00e0 des comp\u00e9tences m\u00e9tier, l&rsquo;aptitude \u00e0 travailler en \u00e9quipe, savoir \u00eatre et aller de l&rsquo;avant ainsi que le go\u00fbt du travail bien fait, seront des crit\u00e8res d\u00e9terminants. Nous aimons travailler dans un esprit Coop\u00e9ratif et avons pour ambitions de continuer sur cette voie. <\/p>\n\n\n\n<p>Pour postuler \u00e0 cette offre d&#8217;emploi de ma\u00e7on, contactez nous directement par t\u00e9l\u00e9phone, au 06 46 64 63 56 ou par l&rsquo;interm\u00e9diaire de notre page <a href=\"https:\/\/terre-alternative.fr\/index.php\/contact\/\">contact<\/a>.<br>Amaury Bidel, g\u00e9rant de terre alternative<\/p>\n","protected":false},"excerpt":{"rendered":"<p>terre alternative sarl et son \u00e9quipe cherche de nouveaux co-\u00e9quipiers en ma\u00e7onnerie. En effet, nous recrutons un ma\u00e7on (H\/F) autonome, motiv\u00e9(e) par la ma\u00e7onnerie pierre, les enduits \u00e0 la chaux, ainsi que la terre en tant que mat\u00e9riau. Dans un monde en profonde mutation, de nombreux d\u00e9fis sont \u00e0 relever pour vivre plus en harmonie [&hellip;]<\/p>\n","protected":false},"author":1,"featured_media":162,"comment_status":"open","ping_status":"open","sticky":false,"template":"","format":"standard","meta":{"_jetpack_memberships_contains_paid_content":false,"footnotes":"","jetpack_publicize_message":"","jetpack_publicize_feature_enabled":true,"jetpack_social_post_already_shared":true,"jetpack_social_options":{"image_generator_settings":{"template":"highway","enabled":false},"version":2}},"categories":[65],"tags":[166,167],"class_list":["post-1945","post","type-post","status-publish","format-standard","has-post-thumbnail","hentry","category-actualites","tag-offre-demploi","tag-poste-de-macon"],"jetpack_publicize_connections":[],"yoast_head":"<!-- This site is optimized with the Yoast SEO plugin v24.6 - https:\/\/yoast.com\/wordpress\/plugins\/seo\/ -->\n<title>terre alternative recrute un ma\u00e7on ! - terre-alternative.fr<\/title>\n<meta name=\"description\" content=\"Offre d&#039;emploi de ma\u00e7on en Bretagne : terre alternative sarl recrute un ma\u00e7on (H\/F) autonome, motiv\u00e9(e) par la ma\u00e7onnerie pierre, les enduits\" \/>\n<meta name=\"robots\" content=\"index, follow, max-snippet:-1, max-image-preview:large, max-video-preview:-1\" \/>\n<link rel=\"canonical\" href=\"https:\/\/terre-alternative.fr\/index.php\/2021\/04\/10\/offre-demploi-de-macon\/\" \/>\n<meta property=\"og:locale\" content=\"fr_FR\" \/>\n<meta property=\"og:type\" content=\"article\" \/>\n<meta property=\"og:title\" content=\"terre alternative recrute un ma\u00e7on ! - terre-alternative.fr\" \/>\n<meta property=\"og:description\" content=\"Offre d&#039;emploi de ma\u00e7on en Bretagne : terre alternative sarl recrute un ma\u00e7on (H\/F) autonome, motiv\u00e9(e) par la ma\u00e7onnerie pierre, les enduits\" \/>\n<meta property=\"og:url\" content=\"https:\/\/terre-alternative.fr\/index.php\/2021\/04\/10\/offre-demploi-de-macon\/\" \/>\n<meta property=\"og:site_name\" content=\"terre-alternative.fr\" \/>\n<meta property=\"article:publisher\" content=\"https:\/\/www.facebook.com\/Terre-alternative-sarl-910821875760088\/notifications\/\" \/>\n<meta property=\"article:published_time\" content=\"2021-04-10T09:17:10+00:00\" \/>\n<meta property=\"article:modified_time\" content=\"2021-04-10T09:19:40+00:00\" \/>\n<meta property=\"og:image\" content=\"https:\/\/terre-alternative.fr\/wp-content\/uploads\/2017\/09\/DSC_0738.jpg\" \/>\n\t<meta property=\"og:image:width\" content=\"3872\" \/>\n\t<meta property=\"og:image:height\" content=\"2592\" \/>\n\t<meta property=\"og:image:type\" content=\"image\/jpeg\" \/>\n<meta name=\"author\" content=\"Amaury Bidel\" \/>\n<meta name=\"twitter:card\" content=\"summary_large_image\" \/>\n<meta name=\"twitter:creator\" content=\"@terrealternati1\" \/>\n<meta name=\"twitter:site\" content=\"@terrealternati1\" \/>\n<meta name=\"twitter:label1\" content=\"\u00c9crit par\" \/>\n\t<meta name=\"twitter:data1\" content=\"Amaury Bidel\" \/>\n\t<meta name=\"twitter:label2\" content=\"Dur\u00e9e de lecture estim\u00e9e\" \/>\n\t<meta name=\"twitter:data2\" content=\"1 minute\" \/>\n<script type=\"application\/ld+json\" class=\"yoast-schema-graph\">{\"@context\":\"https:\/\/schema.org\",\"@graph\":[{\"@type\":\"Article\",\"@id\":\"https:\/\/terre-alternative.fr\/index.php\/2021\/04\/10\/offre-demploi-de-macon\/#article\",\"isPartOf\":{\"@id\":\"https:\/\/terre-alternative.fr\/index.php\/2021\/04\/10\/offre-demploi-de-macon\/\"},\"author\":{\"name\":\"Amaury Bidel\",\"@id\":\"https:\/\/terre-alternative.fr\/#\/schema\/person\/c47b36d3a7aa58194e70269ca7cece5f\"},\"headline\":\"terre alternative recrute un ma\u00e7on !\",\"datePublished\":\"2021-04-10T09:17:10+00:00\",\"dateModified\":\"2021-04-10T09:19:40+00:00\",\"mainEntityOfPage\":{\"@id\":\"https:\/\/terre-alternative.fr\/index.php\/2021\/04\/10\/offre-demploi-de-macon\/\"},\"wordCount\":207,\"commentCount\":0,\"publisher\":{\"@id\":\"https:\/\/terre-alternative.fr\/#organization\"},\"image\":{\"@id\":\"https:\/\/terre-alternative.fr\/index.php\/2021\/04\/10\/offre-demploi-de-macon\/#primaryimage\"},\"thumbnailUrl\":\"https:\/\/terre-alternative.fr\/wp-content\/uploads\/2017\/09\/DSC_0738.jpg\",\"keywords\":[\"Offre d&#039;emploi\",\"Poste de Ma\u00e7on\"],\"articleSection\":[\"Actualit\u00e9s\"],\"inLanguage\":\"fr-FR\",\"potentialAction\":[{\"@type\":\"CommentAction\",\"name\":\"Comment\",\"target\":[\"https:\/\/terre-alternative.fr\/index.php\/2021\/04\/10\/offre-demploi-de-macon\/#respond\"]}]},{\"@type\":\"WebPage\",\"@id\":\"https:\/\/terre-alternative.fr\/index.php\/2021\/04\/10\/offre-demploi-de-macon\/\",\"url\":\"https:\/\/terre-alternative.fr\/index.php\/2021\/04\/10\/offre-demploi-de-macon\/\",\"name\":\"terre alternative recrute un ma\u00e7on ! - terre-alternative.fr\",\"isPartOf\":{\"@id\":\"https:\/\/terre-alternative.fr\/#website\"},\"primaryImageOfPage\":{\"@id\":\"https:\/\/terre-alternative.fr\/index.php\/2021\/04\/10\/offre-demploi-de-macon\/#primaryimage\"},\"image\":{\"@id\":\"https:\/\/terre-alternative.fr\/index.php\/2021\/04\/10\/offre-demploi-de-macon\/#primaryimage\"},\"thumbnailUrl\":\"https:\/\/terre-alternative.fr\/wp-content\/uploads\/2017\/09\/DSC_0738.jpg\",\"datePublished\":\"2021-04-10T09:17:10+00:00\",\"dateModified\":\"2021-04-10T09:19:40+00:00\",\"description\":\"Offre d'emploi de ma\u00e7on en Bretagne : terre alternative sarl recrute un ma\u00e7on (H\/F) autonome, motiv\u00e9(e) par la ma\u00e7onnerie pierre, les enduits\",\"breadcrumb\":{\"@id\":\"https:\/\/terre-alternative.fr\/index.php\/2021\/04\/10\/offre-demploi-de-macon\/#breadcrumb\"},\"inLanguage\":\"fr-FR\",\"potentialAction\":[{\"@type\":\"ReadAction\",\"target\":[\"https:\/\/terre-alternative.fr\/index.php\/2021\/04\/10\/offre-demploi-de-macon\/\"]}]},{\"@type\":\"ImageObject\",\"inLanguage\":\"fr-FR\",\"@id\":\"https:\/\/terre-alternative.fr\/index.php\/2021\/04\/10\/offre-demploi-de-macon\/#primaryimage\",\"url\":\"https:\/\/terre-alternative.fr\/wp-content\/uploads\/2017\/09\/DSC_0738.jpg\",\"contentUrl\":\"https:\/\/terre-alternative.fr\/wp-content\/uploads\/2017\/09\/DSC_0738.jpg\",\"width\":3872,\"height\":2592,\"caption\":\"Chemin\u00e9e en pierre de taille : incrustation d'un prise \u00e9lectrique dans la pierre\"},{\"@type\":\"BreadcrumbList\",\"@id\":\"https:\/\/terre-alternative.fr\/index.php\/2021\/04\/10\/offre-demploi-de-macon\/#breadcrumb\",\"itemListElement\":[{\"@type\":\"ListItem\",\"position\":1,\"name\":\"Accueil\",\"item\":\"https:\/\/terre-alternative.fr\/\"},{\"@type\":\"ListItem\",\"position\":2,\"name\":\"terre alternative recrute un ma\u00e7on !\"}]},{\"@type\":\"WebSite\",\"@id\":\"https:\/\/terre-alternative.fr\/#website\",\"url\":\"https:\/\/terre-alternative.fr\/\",\"name\":\"terre-alternative.fr\",\"description\":\"Des habitats sains et naturels\",\"publisher\":{\"@id\":\"https:\/\/terre-alternative.fr\/#organization\"},\"potentialAction\":[{\"@type\":\"SearchAction\",\"target\":{\"@type\":\"EntryPoint\",\"urlTemplate\":\"https:\/\/terre-alternative.fr\/?s={search_term_string}\"},\"query-input\":{\"@type\":\"PropertyValueSpecification\",\"valueRequired\":true,\"valueName\":\"search_term_string\"}}],\"inLanguage\":\"fr-FR\"},{\"@type\":\"Organization\",\"@id\":\"https:\/\/terre-alternative.fr\/#organization\",\"name\":\"terre alternative sarl\",\"url\":\"https:\/\/terre-alternative.fr\/\",\"logo\":{\"@type\":\"ImageObject\",\"inLanguage\":\"fr-FR\",\"@id\":\"https:\/\/terre-alternative.fr\/#\/schema\/logo\/image\/\",\"url\":\"https:\/\/terre-alternative.fr\/wp-content\/uploads\/2017\/05\/LOGO-Terre-Alternative.png\",\"contentUrl\":\"https:\/\/terre-alternative.fr\/wp-content\/uploads\/2017\/05\/LOGO-Terre-Alternative.png\",\"width\":2475,\"height\":1120,\"caption\":\"terre alternative sarl\"},\"image\":{\"@id\":\"https:\/\/terre-alternative.fr\/#\/schema\/logo\/image\/\"},\"sameAs\":[\"https:\/\/www.facebook.com\/Terre-alternative-sarl-910821875760088\/notifications\/\",\"https:\/\/x.com\/terrealternati1\",\"https:\/\/www.pinterest.fr\/terrealternativesarl\/\",\"https:\/\/www.youtube.com\/channel\/UC1_xNjvD0yMEW1t_VZ8aAEw\"]},{\"@type\":\"Person\",\"@id\":\"https:\/\/terre-alternative.fr\/#\/schema\/person\/c47b36d3a7aa58194e70269ca7cece5f\",\"name\":\"Amaury Bidel\",\"image\":{\"@type\":\"ImageObject\",\"inLanguage\":\"fr-FR\",\"@id\":\"https:\/\/terre-alternative.fr\/#\/schema\/person\/image\/\",\"url\":\"https:\/\/secure.gravatar.com\/avatar\/7d14548e70471625d2bd22d118f605cea5c763a37a645c13877e3e5e99a969c8?s=96&d=mm&r=g\",\"contentUrl\":\"https:\/\/secure.gravatar.com\/avatar\/7d14548e70471625d2bd22d118f605cea5c763a37a645c13877e3e5e99a969c8?s=96&d=mm&r=g\",\"caption\":\"Amaury Bidel\"},\"description\":\"Apr\u00e8s avoir auto-construit ma maison en bois, paille et terre en 2009, et apr\u00e8s quelques aventures, je me suis lanc\u00e9 dans la r\u00e9novation et la construction de maison en centre Bretagne. Titulaire d'une licence professionnelle \\\"\u00e9conomies d'\u00e9nergies et \u00e9nergies renouvelables\\\" je mettrais mes comp\u00e9tences au service de vos projets, pour vous aider \u00e0 r\u00e9aliser des logements, sains, confortable et \u00e9conomes en \u00e9nergies.\",\"sameAs\":[\"http:\/\/terre-alternative.fr\"]}]}<\/script>\n<!-- \/ Yoast SEO plugin. -->","yoast_head_json":{"title":"terre alternative recrute un ma\u00e7on ! - terre-alternative.fr","description":"Offre d'emploi de ma\u00e7on en Bretagne : terre alternative sarl recrute un ma\u00e7on (H\/F) autonome, motiv\u00e9(e) par la ma\u00e7onnerie pierre, les enduits","robots":{"index":"index","follow":"follow","max-snippet":"max-snippet:-1","max-image-preview":"max-image-preview:large","max-video-preview":"max-video-preview:-1"},"canonical":"https:\/\/terre-alternative.fr\/index.php\/2021\/04\/10\/offre-demploi-de-macon\/","og_locale":"fr_FR","og_type":"article","og_title":"terre alternative recrute un ma\u00e7on ! - terre-alternative.fr","og_description":"Offre d'emploi de ma\u00e7on en Bretagne : terre alternative sarl recrute un ma\u00e7on (H\/F) autonome, motiv\u00e9(e) par la ma\u00e7onnerie pierre, les enduits","og_url":"https:\/\/terre-alternative.fr\/index.php\/2021\/04\/10\/offre-demploi-de-macon\/","og_site_name":"terre-alternative.fr","article_publisher":"https:\/\/www.facebook.com\/Terre-alternative-sarl-910821875760088\/notifications\/","article_published_time":"2021-04-10T09:17:10+00:00","article_modified_time":"2021-04-10T09:19:40+00:00","og_image":[{"width":3872,"height":2592,"url":"https:\/\/terre-alternative.fr\/wp-content\/uploads\/2017\/09\/DSC_0738.jpg","type":"image\/jpeg"}],"author":"Amaury Bidel","twitter_card":"summary_large_image","twitter_creator":"@terrealternati1","twitter_site":"@terrealternati1","twitter_misc":{"\u00c9crit par":"Amaury Bidel","Dur\u00e9e de lecture estim\u00e9e":"1 minute"},"schema":{"@context":"https:\/\/schema.org","@graph":[{"@type":"Article","@id":"https:\/\/terre-alternative.fr\/index.php\/2021\/04\/10\/offre-demploi-de-macon\/#article","isPartOf":{"@id":"https:\/\/terre-alternative.fr\/index.php\/2021\/04\/10\/offre-demploi-de-macon\/"},"author":{"name":"Amaury Bidel","@id":"https:\/\/terre-alternative.fr\/#\/schema\/person\/c47b36d3a7aa58194e70269ca7cece5f"},"headline":"terre alternative recrute un ma\u00e7on !","datePublished":"2021-04-10T09:17:10+00:00","dateModified":"2021-04-10T09:19:40+00:00","mainEntityOfPage":{"@id":"https:\/\/terre-alternative.fr\/index.php\/2021\/04\/10\/offre-demploi-de-macon\/"},"wordCount":207,"commentCount":0,"publisher":{"@id":"https:\/\/terre-alternative.fr\/#organization"},"image":{"@id":"https:\/\/terre-alternative.fr\/index.php\/2021\/04\/10\/offre-demploi-de-macon\/#primaryimage"},"thumbnailUrl":"https:\/\/terre-alternative.fr\/wp-content\/uploads\/2017\/09\/DSC_0738.jpg","keywords":["Offre d&#039;emploi","Poste de Ma\u00e7on"],"articleSection":["Actualit\u00e9s"],"inLanguage":"fr-FR","potentialAction":[{"@type":"CommentAction","name":"Comment","target":["https:\/\/terre-alternative.fr\/index.php\/2021\/04\/10\/offre-demploi-de-macon\/#respond"]}]},{"@type":"WebPage","@id":"https:\/\/terre-alternative.fr\/index.php\/2021\/04\/10\/offre-demploi-de-macon\/","url":"https:\/\/terre-alternative.fr\/index.php\/2021\/04\/10\/offre-demploi-de-macon\/","name":"terre alternative recrute un ma\u00e7on ! - terre-alternative.fr","isPartOf":{"@id":"https:\/\/terre-alternative.fr\/#website"},"primaryImageOfPage":{"@id":"https:\/\/terre-alternative.fr\/index.php\/2021\/04\/10\/offre-demploi-de-macon\/#primaryimage"},"image":{"@id":"https:\/\/terre-alternative.fr\/index.php\/2021\/04\/10\/offre-demploi-de-macon\/#primaryimage"},"thumbnailUrl":"https:\/\/terre-alternative.fr\/wp-content\/uploads\/2017\/09\/DSC_0738.jpg","datePublished":"2021-04-10T09:17:10+00:00","dateModified":"2021-04-10T09:19:40+00:00","description":"Offre d'emploi de ma\u00e7on en Bretagne : terre alternative sarl recrute un ma\u00e7on (H\/F) autonome, motiv\u00e9(e) par la ma\u00e7onnerie pierre, les enduits","breadcrumb":{"@id":"https:\/\/terre-alternative.fr\/index.php\/2021\/04\/10\/offre-demploi-de-macon\/#breadcrumb"},"inLanguage":"fr-FR","potentialAction":[{"@type":"ReadAction","target":["https:\/\/terre-alternative.fr\/index.php\/2021\/04\/10\/offre-demploi-de-macon\/"]}]},{"@type":"ImageObject","inLanguage":"fr-FR","@id":"https:\/\/terre-alternative.fr\/index.php\/2021\/04\/10\/offre-demploi-de-macon\/#primaryimage","url":"https:\/\/terre-alternative.fr\/wp-content\/uploads\/2017\/09\/DSC_0738.jpg","contentUrl":"https:\/\/terre-alternative.fr\/wp-content\/uploads\/2017\/09\/DSC_0738.jpg","width":3872,"height":2592,"caption":"Chemin\u00e9e en pierre de taille : incrustation d'un prise \u00e9lectrique dans la pierre"},{"@type":"BreadcrumbList","@id":"https:\/\/terre-alternative.fr\/index.php\/2021\/04\/10\/offre-demploi-de-macon\/#breadcrumb","itemListElement":[{"@type":"ListItem","position":1,"name":"Accueil","item":"https:\/\/terre-alternative.fr\/"},{"@type":"ListItem","position":2,"name":"terre alternative recrute un ma\u00e7on !"}]},{"@type":"WebSite","@id":"https:\/\/terre-alternative.fr\/#website","url":"https:\/\/terre-alternative.fr\/","name":"terre-alternative.fr","description":"Des habitats sains et naturels","publisher":{"@id":"https:\/\/terre-alternative.fr\/#organization"},"potentialAction":[{"@type":"SearchAction","target":{"@type":"EntryPoint","urlTemplate":"https:\/\/terre-alternative.fr\/?s={search_term_string}"},"query-input":{"@type":"PropertyValueSpecification","valueRequired":true,"valueName":"search_term_string"}}],"inLanguage":"fr-FR"},{"@type":"Organization","@id":"https:\/\/terre-alternative.fr\/#organization","name":"terre alternative sarl","url":"https:\/\/terre-alternative.fr\/","logo":{"@type":"ImageObject","inLanguage":"fr-FR","@id":"https:\/\/terre-alternative.fr\/#\/schema\/logo\/image\/","url":"https:\/\/terre-alternative.fr\/wp-content\/uploads\/2017\/05\/LOGO-Terre-Alternative.png","contentUrl":"https:\/\/terre-alternative.fr\/wp-content\/uploads\/2017\/05\/LOGO-Terre-Alternative.png","width":2475,"height":1120,"caption":"terre alternative sarl"},"image":{"@id":"https:\/\/terre-alternative.fr\/#\/schema\/logo\/image\/"},"sameAs":["https:\/\/www.facebook.com\/Terre-alternative-sarl-910821875760088\/notifications\/","https:\/\/x.com\/terrealternati1","https:\/\/www.pinterest.fr\/terrealternativesarl\/","https:\/\/www.youtube.com\/channel\/UC1_xNjvD0yMEW1t_VZ8aAEw"]},{"@type":"Person","@id":"https:\/\/terre-alternative.fr\/#\/schema\/person\/c47b36d3a7aa58194e70269ca7cece5f","name":"Amaury Bidel","image":{"@type":"ImageObject","inLanguage":"fr-FR","@id":"https:\/\/terre-alternative.fr\/#\/schema\/person\/image\/","url":"https:\/\/secure.gravatar.com\/avatar\/7d14548e70471625d2bd22d118f605cea5c763a37a645c13877e3e5e99a969c8?s=96&d=mm&r=g","contentUrl":"https:\/\/secure.gravatar.com\/avatar\/7d14548e70471625d2bd22d118f605cea5c763a37a645c13877e3e5e99a969c8?s=96&d=mm&r=g","caption":"Amaury Bidel"},"description":"Apr\u00e8s avoir auto-construit ma maison en bois, paille et terre en 2009, et apr\u00e8s quelques aventures, je me suis lanc\u00e9 dans la r\u00e9novation et la construction de maison en centre Bretagne. Titulaire d'une licence professionnelle \"\u00e9conomies d'\u00e9nergies et \u00e9nergies renouvelables\" je mettrais mes comp\u00e9tences au service de vos projets, pour vous aider \u00e0 r\u00e9aliser des logements, sains, confortable et \u00e9conomes en \u00e9nergies.","sameAs":["http:\/\/terre-alternative.fr"]}]}},"jetpack_featured_media_url":"https:\/\/terre-alternative.fr\/wp-content\/uploads\/2017\/09\/DSC_0738.jpg","jetpack_sharing_enabled":true,"_links":{"self":[{"href":"https:\/\/terre-alternative.fr\/index.php\/wp-json\/wp\/v2\/posts\/1945","targetHints":{"allow":["GET"]}}],"collection":[{"href":"https:\/\/terre-alternative.fr\/index.php\/wp-json\/wp\/v2\/posts"}],"about":[{"href":"https:\/\/terre-alternative.fr\/index.php\/wp-json\/wp\/v2\/types\/post"}],"author":[{"embeddable":true,"href":"https:\/\/terre-alternative.fr\/index.php\/wp-json\/wp\/v2\/users\/1"}],"replies":[{"embeddable":true,"href":"https:\/\/terre-alternative.fr\/index.php\/wp-json\/wp\/v2\/comments?post=1945"}],"version-history":[{"count":1,"href":"https:\/\/terre-alternative.fr\/index.php\/wp-json\/wp\/v2\/posts\/1945\/revisions"}],"predecessor-version":[{"id":1946,"href":"https:\/\/terre-alternative.fr\/index.php\/wp-json\/wp\/v2\/posts\/1945\/revisions\/1946"}],"wp:featuredmedia":[{"embeddable":true,"href":"https:\/\/terre-alternative.fr\/index.php\/wp-json\/wp\/v2\/media\/162"}],"wp:attachment":[{"href":"https:\/\/terre-alternative.fr\/index.php\/wp-json\/wp\/v2\/media?parent=1945"}],"wp:term":[{"taxonomy":"category","embeddable":true,"href":"https:\/\/terre-alternative.fr\/index.php\/wp-json\/wp\/v2\/categories?post=1945"},{"taxonomy":"post_tag","embeddable":true,"href":"https:\/\/terre-alternative.fr\/index.php\/wp-json\/wp\/v2\/tags?post=1945"}],"curies":[{"name":"wp","href":"https:\/\/api.w.org\/{rel}","templated":true}]}}