{"id":1998,"date":"2021-12-10T10:42:34","date_gmt":"2021-12-10T09:42:34","guid":{"rendered":"https:\/\/terre-alternative.fr\/?p=1998"},"modified":"2021-12-10T10:42:37","modified_gmt":"2021-12-10T09:42:37","slug":"parement-pierre-granite","status":"publish","type":"post","link":"https:\/\/terre-alternative.fr\/index.php\/2021\/12\/10\/parement-pierre-granite\/","title":{"rendered":"Un parement Pierre pour la salle culturelle de Plo\u00ebdut"},"content":{"rendered":"\n<p>Nous sommes intervenus sur ce chantier en partenariat avec la <a href=\"https:\/\/www.carhaisienne-construction.fr\/\">soci\u00e9t\u00e9 coop\u00e9rative Carhaisienne construction<\/a> pour la r\u00e9alisation d&rsquo;un mur Parement Pierre d&rsquo;une surface de 113m\u00b2. En effet, l&rsquo;objectif est d&#8217;embellir les murs ext\u00e9rieurs de l&rsquo;extension de la salle culturelle de la <a href=\"https:\/\/ploerdut.bzh\/\">commune de Plo\u00ebrdut<\/a>. La salle, qui <a href=\"https:\/\/www.ouest-france.fr\/bretagne\/ploerdut-56160\/ploerdut-le-chantier-de-la-nouvelle-salle-culturelle-demarre-6870354\">datait des ann\u00e9es 50<\/a>, est en cours de r\u00e9novation. Elle se situe place COET NOZ entre la maison m\u00e9dicale et la place de l&rsquo;\u00e9glise. <a href=\"https:\/\/terre-alternative.fr\/\">Terre alternative<\/a> met en valeur le b\u00e2timent par le biais de mat\u00e9riaux locaux, en l&rsquo;occurrence du granite issu de la carri\u00e8re de Le Saint dans le Morbihan. <\/p>\n\n\n\n<figure class=\"wp-block-image size-large is-resized\"><img loading=\"lazy\" decoding=\"async\" src=\"https:\/\/terre-alternative.fr\/wp-content\/uploads\/2021\/12\/IMG-2479-edited-scaled.jpg\" alt=\"\" class=\"wp-image-2038\" width=\"840\" height=\"471\" srcset=\"https:\/\/terre-alternative.fr\/wp-content\/uploads\/2021\/12\/IMG-2479-edited-300x169.jpg 300w, https:\/\/terre-alternative.fr\/wp-content\/uploads\/2021\/12\/IMG-2479-edited-768x432.jpg 768w, https:\/\/terre-alternative.fr\/wp-content\/uploads\/2021\/12\/IMG-2479-edited-1170x658.jpg 1170w, https:\/\/terre-alternative.fr\/wp-content\/uploads\/2021\/12\/IMG-2479-edited-560x315.jpg 560w, https:\/\/terre-alternative.fr\/wp-content\/uploads\/2021\/12\/IMG-2479-edited-107x60.jpg 107w, https:\/\/terre-alternative.fr\/wp-content\/uploads\/2021\/12\/IMG-2479-edited-160x90.jpg 160w\" sizes=\"auto, (max-width: 840px) 100vw, 840px\" \/><figcaption>Recouvrement mur en  parpaing <\/figcaption><\/figure>\n\n\n\n<p>Le <strong>parement  pierre<\/strong> permet d&#8217;embellir un mur existant, qu&rsquo;il soit int\u00e9rieur ou ext\u00e9rieur. Il s&rsquo;agit de remonter un mur en pierre de faible \u00e9paisseur, environ 20 \u00e0 30cm, adoss\u00e9 \u00e0 un mur porteur. Ici la Carhaisienne de construction a r\u00e9alis\u00e9 un mur en b\u00e9ton banch\u00e9.<\/p>\n\n\n\n<h2 class=\"wp-block-heading\">La composition d&rsquo;un parement pierre<\/h2>\n\n\n\n<p>Premi\u00e8rement, il faut savoir que des pierre de diff\u00e9rentes natures peuvent composer un parement pierre. En Bretagne, notre choix se porte naturellement sur le granite. C&rsquo;est un mat\u00e9riaux local et utilis\u00e9 de mani\u00e8re ancestrale, parfait pour une r\u00e9novation. Vu les quantit\u00e9s de pierre n\u00e9cessaires pour ce chantier, nous avons d\u00fb rechercher une source de pierre neuve. <\/p>\n\n\n\n<p>D&rsquo;autres couleurs de granite sont disponible en fonction de la provenance et du filon qu&rsquo;exploitera votre carri\u00e8re locale. La diversit\u00e9 des couleurs et des structures permet de varier l&rsquo;habillage de votre maison selon votre convenance .<\/p>\n\n\n\n<p>Le parement pierre offre ce c\u00f4t\u00e9 traditionnel et ancien, ainsi que le c\u00f4t\u00e9 typique de la r\u00e9gion. Le granite ne s&rsquo;use que tr\u00e8s lentement. Bien mont\u00e9, un mur en pierre r\u00e9sistera ais\u00e9ment \u00e0 l&rsquo;\u00e9preuve des si\u00e8cles et des intemp\u00e9ries les plus violentes.<\/p>\n\n\n\n<figure class=\"wp-block-image size-large\"><img loading=\"lazy\" decoding=\"async\" width=\"2560\" height=\"1442\" src=\"https:\/\/terre-alternative.fr\/wp-content\/uploads\/2021\/12\/IMG-2480-2-edited-1-scaled.jpg\" alt=\"Le parement pierre, vu de pr\u00e8s\" class=\"wp-image-2049\" srcset=\"https:\/\/terre-alternative.fr\/wp-content\/uploads\/2021\/12\/IMG-2480-2-edited-1-scaled.jpg 2560w, https:\/\/terre-alternative.fr\/wp-content\/uploads\/2021\/12\/IMG-2480-2-edited-1-300x169.jpg 300w, https:\/\/terre-alternative.fr\/wp-content\/uploads\/2021\/12\/IMG-2480-2-edited-1-1024x577.jpg 1024w, https:\/\/terre-alternative.fr\/wp-content\/uploads\/2021\/12\/IMG-2480-2-edited-1-768x433.jpg 768w, https:\/\/terre-alternative.fr\/wp-content\/uploads\/2021\/12\/IMG-2480-2-edited-1-1536x865.jpg 1536w, https:\/\/terre-alternative.fr\/wp-content\/uploads\/2021\/12\/IMG-2480-2-edited-1-1170x658.jpg 1170w, https:\/\/terre-alternative.fr\/wp-content\/uploads\/2021\/12\/IMG-2480-2-edited-1-560x315.jpg 560w, https:\/\/terre-alternative.fr\/wp-content\/uploads\/2021\/12\/IMG-2480-2-edited-1-1920x1081.jpg 1920w, https:\/\/terre-alternative.fr\/wp-content\/uploads\/2021\/12\/IMG-2480-2-edited-1-600x338.jpg 600w, https:\/\/terre-alternative.fr\/wp-content\/uploads\/2021\/12\/IMG-2480-2-edited-1-107x60.jpg 107w, https:\/\/terre-alternative.fr\/wp-content\/uploads\/2021\/12\/IMG-2480-2-edited-1-160x90.jpg 160w\" sizes=\"auto, (max-width: 2560px) 100vw, 2560px\" \/><figcaption>Photo du parement en granite <\/figcaption><\/figure>\n\n\n\n<h2 class=\"wp-block-heading\"><strong>Explication de la pose <\/strong><\/h2>\n\n\n\n<p>Pour commencer, en coordination avec le client et l&rsquo;architecte, en fonction des pierres que nous avons re\u00e7ues, notre chef d&rsquo;\u00e9quipe a d\u00e9termin\u00e9 un sens de pose que nous respecterons pendant toute la dur\u00e9e du chantier. De fait, nous appelons ce sens de pose  calepinage, ou appareillage. Ici, des lignes de pierres de m\u00eames hauteurs bris\u00e9es r\u00e9guli\u00e8rement (mais pas trop) par des plus grosses pierres ici et l\u00e0 compose notre appareillage.<\/p>\n\n\n\n<p>Comme nous travaillons \u00e0 plusieurs sur le chantier, les gars \u00e9changent de postes r\u00e9guli\u00e8rement. En cons\u00e9quence, nous \u00e9vitons qu&rsquo;une fois le mur termin\u00e9 le passant ne puisse d\u00e9celer des diff\u00e9rences de styles entre les diff\u00e9rents panneaux. De plus, nous prenons plusieurs fois par jour 10 \u00e0 20 pas de recul. Ceci afin de v\u00e9rifier que l&rsquo;harmonie g\u00e9n\u00e9rale du mur soit respect\u00e9e et que rien ne \u00ab\u00a0jure\u00a0\u00bb. <\/p>\n\n\n\n<p>Terre Alternative  re\u00e7oit les blocs de pierre neuves d\u00e9j\u00e0 pr\u00e9-taill\u00e9es par une carri\u00e8re proche situ\u00e9e \u00e0 le saint : <a href=\"https:\/\/www.groupe-pigeon.com\/fr\/notre-groupe\/notre-implantation\/rouzic-le-saint\">la carri\u00e8re Rouzic du groupe Pigeon<\/a>. Les blocs ont des tailles variables, de forme plut\u00f4t rectangulaire avec des cot\u00e9s de 8 \u00e0 22cm en moyenne.<\/p>\n\n\n\n<p>Nous scellons les pierres de granite avec un mortier chaux sable dont voici le m\u00e9lange : 16 pellet\u00e9es de sable, 1 sac de Batichaux, 1 seau de terre tamis\u00e9e de <a href=\"https:\/\/terre-alternative.fr\/index.php\/accueil\/notre-specificite-la-terre\/\">la terre locale issue du v\u00e9lodrome de Cl\u00e9den-Poher<\/a>. Comme vous pouvez le constater, nous ne pouvons nous emp\u00eacher de rajouter notre petite touche personnelle : la terre. Ainsi nous rajoutons un peu de terre pour l\u00e9g\u00e8rement colorer le mortier de pose et faciliter ensuite la r\u00e9alisation des joints.<\/p>\n\n\n\n<h2 class=\"wp-block-heading\">La touche finale<\/h2>\n\n\n\n<p>Ensuite, nous r\u00e9alisons des<strong> joints chaux sable<\/strong>. Pour ce faire, nous pr\u00e9parons un autre mortier, \u00e0 base de chaux hydraulique, qui est plus blanche que la batichaux. Celle-ci est m\u00e9lang\u00e9e \u00e0 du sable et de la terre pour donner une couleur plus vive aux joints. Le mortier doit \u00eatre l\u00e9g\u00e8rement p\u00e2teux. Enfin pour le remplissage des joints, les ma\u00e7ons de notre \u00e9quipe utilisent un fer \u00e0 joint ou bien une langue de chat. Finalement en finition les ouvriers utilisent une brosse m\u00e9tallique. Le brossage donne aux joints et au parement en granite son aspect final.<\/p>\n\n\n\n<p>Pour plus de renseignements n&rsquo;h\u00e9sitez pas \u00e0 <a href=\"https:\/\/terre-alternative.fr\/index.php\/contact\/\"> nous contacte<\/a>r.<\/p>\n","protected":false},"excerpt":{"rendered":"<p>Nous sommes intervenus sur ce chantier en partenariat avec la soci\u00e9t\u00e9 coop\u00e9rative Carhaisienne construction pour la r\u00e9alisation d&rsquo;un mur Parement Pierre d&rsquo;une surface de 113m\u00b2. En effet, l&rsquo;objectif est d&#8217;embellir les murs ext\u00e9rieurs de l&rsquo;extension de la salle culturelle de la commune de Plo\u00ebrdut. Terre alternative met en valeur le b\u00e2timent par le biais de mat\u00e9riaux locaux, en l&rsquo;occurrence du granite issu de la carri\u00e8re de Le Saint&#8230;<\/p>\n","protected":false},"author":1,"featured_media":2046,"comment_status":"open","ping_status":"open","sticky":false,"template":"","format":"standard","meta":{"_jetpack_memberships_contains_paid_content":false,"footnotes":"","jetpack_publicize_message":"","jetpack_publicize_feature_enabled":true,"jetpack_social_post_already_shared":true,"jetpack_social_options":{"image_generator_settings":{"template":"highway","enabled":false},"version":2}},"categories":[65,5,23,24],"tags":[169,8,168,84],"class_list":["post-1998","post","type-post","status-publish","format-standard","has-post-thumbnail","hentry","category-actualites","category-maconnerie","category-parement-en-moellons","category-techniques","tag-granite","tag-maconnerie","tag-parement","tag-pierre"],"jetpack_publicize_connections":[],"yoast_head":"<!-- This site is optimized with the Yoast SEO plugin v24.6 - https:\/\/yoast.com\/wordpress\/plugins\/seo\/ -->\n<title>Un parement Pierre pour la salle culturelle de Plo\u00ebdut - terre-alternative.fr<\/title>\n<meta name=\"description\" content=\"terre alternative r\u00e9alise un parement pierre en granite sur le chantier de la salle des f\u00eates de la commune de Ploerdut. Venez lire !\" \/>\n<meta name=\"robots\" content=\"index, follow, max-snippet:-1, max-image-preview:large, max-video-preview:-1\" \/>\n<link rel=\"canonical\" href=\"https:\/\/terre-alternative.fr\/index.php\/2021\/12\/10\/parement-pierre-granite\/\" \/>\n<meta property=\"og:locale\" content=\"fr_FR\" \/>\n<meta property=\"og:type\" content=\"article\" \/>\n<meta property=\"og:title\" content=\"Un parement Pierre pour la salle culturelle de Plo\u00ebdut - terre-alternative.fr\" \/>\n<meta property=\"og:description\" content=\"terre alternative r\u00e9alise un parement pierre en granite sur le chantier de la salle des f\u00eates de la commune de Ploerdut. Venez lire !\" \/>\n<meta property=\"og:url\" content=\"https:\/\/terre-alternative.fr\/index.php\/2021\/12\/10\/parement-pierre-granite\/\" \/>\n<meta property=\"og:site_name\" content=\"terre-alternative.fr\" \/>\n<meta property=\"article:publisher\" content=\"https:\/\/www.facebook.com\/Terre-alternative-sarl-910821875760088\/notifications\/\" \/>\n<meta property=\"article:published_time\" content=\"2021-12-10T09:42:34+00:00\" \/>\n<meta property=\"article:modified_time\" content=\"2021-12-10T09:42:37+00:00\" \/>\n<meta property=\"og:image\" content=\"https:\/\/terre-alternative.fr\/wp-content\/uploads\/2021\/12\/Parement-pierre-salle-culturelle-ploerdut-scaled.jpg\" \/>\n\t<meta property=\"og:image:width\" content=\"2560\" \/>\n\t<meta property=\"og:image:height\" content=\"1920\" \/>\n\t<meta property=\"og:image:type\" content=\"image\/jpeg\" \/>\n<meta name=\"author\" content=\"Amaury Bidel\" \/>\n<meta name=\"twitter:card\" content=\"summary_large_image\" \/>\n<meta name=\"twitter:creator\" content=\"@terrealternati1\" \/>\n<meta name=\"twitter:site\" content=\"@terrealternati1\" \/>\n<meta name=\"twitter:label1\" content=\"\u00c9crit par\" \/>\n\t<meta name=\"twitter:data1\" content=\"Amaury Bidel\" \/>\n\t<meta name=\"twitter:label2\" content=\"Dur\u00e9e de lecture estim\u00e9e\" \/>\n\t<meta name=\"twitter:data2\" content=\"4 minutes\" \/>\n<script type=\"application\/ld+json\" class=\"yoast-schema-graph\">{\"@context\":\"https:\/\/schema.org\",\"@graph\":[{\"@type\":\"Article\",\"@id\":\"https:\/\/terre-alternative.fr\/index.php\/2021\/12\/10\/parement-pierre-granite\/#article\",\"isPartOf\":{\"@id\":\"https:\/\/terre-alternative.fr\/index.php\/2021\/12\/10\/parement-pierre-granite\/\"},\"author\":{\"name\":\"Amaury Bidel\",\"@id\":\"https:\/\/terre-alternative.fr\/#\/schema\/person\/c47b36d3a7aa58194e70269ca7cece5f\"},\"headline\":\"Un parement Pierre pour la salle culturelle de Plo\u00ebdut\",\"datePublished\":\"2021-12-10T09:42:34+00:00\",\"dateModified\":\"2021-12-10T09:42:37+00:00\",\"mainEntityOfPage\":{\"@id\":\"https:\/\/terre-alternative.fr\/index.php\/2021\/12\/10\/parement-pierre-granite\/\"},\"wordCount\":726,\"commentCount\":0,\"publisher\":{\"@id\":\"https:\/\/terre-alternative.fr\/#organization\"},\"image\":{\"@id\":\"https:\/\/terre-alternative.fr\/index.php\/2021\/12\/10\/parement-pierre-granite\/#primaryimage\"},\"thumbnailUrl\":\"https:\/\/terre-alternative.fr\/wp-content\/uploads\/2021\/12\/Parement-pierre-salle-culturelle-ploerdut-scaled.jpg\",\"keywords\":[\"granite\",\"Ma\u00e7onnerie\",\"Parement\",\"pierre\"],\"articleSection\":[\"Actualit\u00e9s\",\"Ma\u00e7onnerie\",\"Parement en moellons\",\"Techniques\"],\"inLanguage\":\"fr-FR\",\"potentialAction\":[{\"@type\":\"CommentAction\",\"name\":\"Comment\",\"target\":[\"https:\/\/terre-alternative.fr\/index.php\/2021\/12\/10\/parement-pierre-granite\/#respond\"]}]},{\"@type\":\"WebPage\",\"@id\":\"https:\/\/terre-alternative.fr\/index.php\/2021\/12\/10\/parement-pierre-granite\/\",\"url\":\"https:\/\/terre-alternative.fr\/index.php\/2021\/12\/10\/parement-pierre-granite\/\",\"name\":\"Un parement Pierre pour la salle culturelle de Plo\u00ebdut - terre-alternative.fr\",\"isPartOf\":{\"@id\":\"https:\/\/terre-alternative.fr\/#website\"},\"primaryImageOfPage\":{\"@id\":\"https:\/\/terre-alternative.fr\/index.php\/2021\/12\/10\/parement-pierre-granite\/#primaryimage\"},\"image\":{\"@id\":\"https:\/\/terre-alternative.fr\/index.php\/2021\/12\/10\/parement-pierre-granite\/#primaryimage\"},\"thumbnailUrl\":\"https:\/\/terre-alternative.fr\/wp-content\/uploads\/2021\/12\/Parement-pierre-salle-culturelle-ploerdut-scaled.jpg\",\"datePublished\":\"2021-12-10T09:42:34+00:00\",\"dateModified\":\"2021-12-10T09:42:37+00:00\",\"description\":\"terre alternative r\u00e9alise un parement pierre en granite sur le chantier de la salle des f\u00eates de la commune de Ploerdut. Venez lire !\",\"breadcrumb\":{\"@id\":\"https:\/\/terre-alternative.fr\/index.php\/2021\/12\/10\/parement-pierre-granite\/#breadcrumb\"},\"inLanguage\":\"fr-FR\",\"potentialAction\":[{\"@type\":\"ReadAction\",\"target\":[\"https:\/\/terre-alternative.fr\/index.php\/2021\/12\/10\/parement-pierre-granite\/\"]}]},{\"@type\":\"ImageObject\",\"inLanguage\":\"fr-FR\",\"@id\":\"https:\/\/terre-alternative.fr\/index.php\/2021\/12\/10\/parement-pierre-granite\/#primaryimage\",\"url\":\"https:\/\/terre-alternative.fr\/wp-content\/uploads\/2021\/12\/Parement-pierre-salle-culturelle-ploerdut-scaled.jpg\",\"contentUrl\":\"https:\/\/terre-alternative.fr\/wp-content\/uploads\/2021\/12\/Parement-pierre-salle-culturelle-ploerdut-scaled.jpg\",\"width\":2560,\"height\":1920,\"caption\":\"Le parement pierre de la salle culturelle de Plo\u00ebrdut en cours de r\u00e9alisation\"},{\"@type\":\"BreadcrumbList\",\"@id\":\"https:\/\/terre-alternative.fr\/index.php\/2021\/12\/10\/parement-pierre-granite\/#breadcrumb\",\"itemListElement\":[{\"@type\":\"ListItem\",\"position\":1,\"name\":\"Accueil\",\"item\":\"https:\/\/terre-alternative.fr\/\"},{\"@type\":\"ListItem\",\"position\":2,\"name\":\"Un parement Pierre pour la salle culturelle de Plo\u00ebdut\"}]},{\"@type\":\"WebSite\",\"@id\":\"https:\/\/terre-alternative.fr\/#website\",\"url\":\"https:\/\/terre-alternative.fr\/\",\"name\":\"terre-alternative.fr\",\"description\":\"Des habitats sains et naturels\",\"publisher\":{\"@id\":\"https:\/\/terre-alternative.fr\/#organization\"},\"potentialAction\":[{\"@type\":\"SearchAction\",\"target\":{\"@type\":\"EntryPoint\",\"urlTemplate\":\"https:\/\/terre-alternative.fr\/?s={search_term_string}\"},\"query-input\":{\"@type\":\"PropertyValueSpecification\",\"valueRequired\":true,\"valueName\":\"search_term_string\"}}],\"inLanguage\":\"fr-FR\"},{\"@type\":\"Organization\",\"@id\":\"https:\/\/terre-alternative.fr\/#organization\",\"name\":\"terre alternative sarl\",\"url\":\"https:\/\/terre-alternative.fr\/\",\"logo\":{\"@type\":\"ImageObject\",\"inLanguage\":\"fr-FR\",\"@id\":\"https:\/\/terre-alternative.fr\/#\/schema\/logo\/image\/\",\"url\":\"https:\/\/terre-alternative.fr\/wp-content\/uploads\/2017\/05\/LOGO-Terre-Alternative.png\",\"contentUrl\":\"https:\/\/terre-alternative.fr\/wp-content\/uploads\/2017\/05\/LOGO-Terre-Alternative.png\",\"width\":2475,\"height\":1120,\"caption\":\"terre alternative sarl\"},\"image\":{\"@id\":\"https:\/\/terre-alternative.fr\/#\/schema\/logo\/image\/\"},\"sameAs\":[\"https:\/\/www.facebook.com\/Terre-alternative-sarl-910821875760088\/notifications\/\",\"https:\/\/x.com\/terrealternati1\",\"https:\/\/www.pinterest.fr\/terrealternativesarl\/\",\"https:\/\/www.youtube.com\/channel\/UC1_xNjvD0yMEW1t_VZ8aAEw\"]},{\"@type\":\"Person\",\"@id\":\"https:\/\/terre-alternative.fr\/#\/schema\/person\/c47b36d3a7aa58194e70269ca7cece5f\",\"name\":\"Amaury Bidel\",\"image\":{\"@type\":\"ImageObject\",\"inLanguage\":\"fr-FR\",\"@id\":\"https:\/\/terre-alternative.fr\/#\/schema\/person\/image\/\",\"url\":\"https:\/\/secure.gravatar.com\/avatar\/7d14548e70471625d2bd22d118f605cea5c763a37a645c13877e3e5e99a969c8?s=96&d=mm&r=g\",\"contentUrl\":\"https:\/\/secure.gravatar.com\/avatar\/7d14548e70471625d2bd22d118f605cea5c763a37a645c13877e3e5e99a969c8?s=96&d=mm&r=g\",\"caption\":\"Amaury Bidel\"},\"description\":\"Apr\u00e8s avoir auto-construit ma maison en bois, paille et terre en 2009, et apr\u00e8s quelques aventures, je me suis lanc\u00e9 dans la r\u00e9novation et la construction de maison en centre Bretagne. Titulaire d'une licence professionnelle \\\"\u00e9conomies d'\u00e9nergies et \u00e9nergies renouvelables\\\" je mettrais mes comp\u00e9tences au service de vos projets, pour vous aider \u00e0 r\u00e9aliser des logements, sains, confortable et \u00e9conomes en \u00e9nergies.\",\"sameAs\":[\"http:\/\/terre-alternative.fr\"]}]}<\/script>\n<!-- \/ Yoast SEO plugin. -->","yoast_head_json":{"title":"Un parement Pierre pour la salle culturelle de Plo\u00ebdut - terre-alternative.fr","description":"terre alternative r\u00e9alise un parement pierre en granite sur le chantier de la salle des f\u00eates de la commune de Ploerdut. Venez lire !","robots":{"index":"index","follow":"follow","max-snippet":"max-snippet:-1","max-image-preview":"max-image-preview:large","max-video-preview":"max-video-preview:-1"},"canonical":"https:\/\/terre-alternative.fr\/index.php\/2021\/12\/10\/parement-pierre-granite\/","og_locale":"fr_FR","og_type":"article","og_title":"Un parement Pierre pour la salle culturelle de Plo\u00ebdut - terre-alternative.fr","og_description":"terre alternative r\u00e9alise un parement pierre en granite sur le chantier de la salle des f\u00eates de la commune de Ploerdut. Venez lire !","og_url":"https:\/\/terre-alternative.fr\/index.php\/2021\/12\/10\/parement-pierre-granite\/","og_site_name":"terre-alternative.fr","article_publisher":"https:\/\/www.facebook.com\/Terre-alternative-sarl-910821875760088\/notifications\/","article_published_time":"2021-12-10T09:42:34+00:00","article_modified_time":"2021-12-10T09:42:37+00:00","og_image":[{"width":2560,"height":1920,"url":"https:\/\/terre-alternative.fr\/wp-content\/uploads\/2021\/12\/Parement-pierre-salle-culturelle-ploerdut-scaled.jpg","type":"image\/jpeg"}],"author":"Amaury Bidel","twitter_card":"summary_large_image","twitter_creator":"@terrealternati1","twitter_site":"@terrealternati1","twitter_misc":{"\u00c9crit par":"Amaury Bidel","Dur\u00e9e de lecture estim\u00e9e":"4 minutes"},"schema":{"@context":"https:\/\/schema.org","@graph":[{"@type":"Article","@id":"https:\/\/terre-alternative.fr\/index.php\/2021\/12\/10\/parement-pierre-granite\/#article","isPartOf":{"@id":"https:\/\/terre-alternative.fr\/index.php\/2021\/12\/10\/parement-pierre-granite\/"},"author":{"name":"Amaury Bidel","@id":"https:\/\/terre-alternative.fr\/#\/schema\/person\/c47b36d3a7aa58194e70269ca7cece5f"},"headline":"Un parement Pierre pour la salle culturelle de Plo\u00ebdut","datePublished":"2021-12-10T09:42:34+00:00","dateModified":"2021-12-10T09:42:37+00:00","mainEntityOfPage":{"@id":"https:\/\/terre-alternative.fr\/index.php\/2021\/12\/10\/parement-pierre-granite\/"},"wordCount":726,"commentCount":0,"publisher":{"@id":"https:\/\/terre-alternative.fr\/#organization"},"image":{"@id":"https:\/\/terre-alternative.fr\/index.php\/2021\/12\/10\/parement-pierre-granite\/#primaryimage"},"thumbnailUrl":"https:\/\/terre-alternative.fr\/wp-content\/uploads\/2021\/12\/Parement-pierre-salle-culturelle-ploerdut-scaled.jpg","keywords":["granite","Ma\u00e7onnerie","Parement","pierre"],"articleSection":["Actualit\u00e9s","Ma\u00e7onnerie","Parement en moellons","Techniques"],"inLanguage":"fr-FR","potentialAction":[{"@type":"CommentAction","name":"Comment","target":["https:\/\/terre-alternative.fr\/index.php\/2021\/12\/10\/parement-pierre-granite\/#respond"]}]},{"@type":"WebPage","@id":"https:\/\/terre-alternative.fr\/index.php\/2021\/12\/10\/parement-pierre-granite\/","url":"https:\/\/terre-alternative.fr\/index.php\/2021\/12\/10\/parement-pierre-granite\/","name":"Un parement Pierre pour la salle culturelle de Plo\u00ebdut - terre-alternative.fr","isPartOf":{"@id":"https:\/\/terre-alternative.fr\/#website"},"primaryImageOfPage":{"@id":"https:\/\/terre-alternative.fr\/index.php\/2021\/12\/10\/parement-pierre-granite\/#primaryimage"},"image":{"@id":"https:\/\/terre-alternative.fr\/index.php\/2021\/12\/10\/parement-pierre-granite\/#primaryimage"},"thumbnailUrl":"https:\/\/terre-alternative.fr\/wp-content\/uploads\/2021\/12\/Parement-pierre-salle-culturelle-ploerdut-scaled.jpg","datePublished":"2021-12-10T09:42:34+00:00","dateModified":"2021-12-10T09:42:37+00:00","description":"terre alternative r\u00e9alise un parement pierre en granite sur le chantier de la salle des f\u00eates de la commune de Ploerdut. Venez lire !","breadcrumb":{"@id":"https:\/\/terre-alternative.fr\/index.php\/2021\/12\/10\/parement-pierre-granite\/#breadcrumb"},"inLanguage":"fr-FR","potentialAction":[{"@type":"ReadAction","target":["https:\/\/terre-alternative.fr\/index.php\/2021\/12\/10\/parement-pierre-granite\/"]}]},{"@type":"ImageObject","inLanguage":"fr-FR","@id":"https:\/\/terre-alternative.fr\/index.php\/2021\/12\/10\/parement-pierre-granite\/#primaryimage","url":"https:\/\/terre-alternative.fr\/wp-content\/uploads\/2021\/12\/Parement-pierre-salle-culturelle-ploerdut-scaled.jpg","contentUrl":"https:\/\/terre-alternative.fr\/wp-content\/uploads\/2021\/12\/Parement-pierre-salle-culturelle-ploerdut-scaled.jpg","width":2560,"height":1920,"caption":"Le parement pierre de la salle culturelle de Plo\u00ebrdut en cours de r\u00e9alisation"},{"@type":"BreadcrumbList","@id":"https:\/\/terre-alternative.fr\/index.php\/2021\/12\/10\/parement-pierre-granite\/#breadcrumb","itemListElement":[{"@type":"ListItem","position":1,"name":"Accueil","item":"https:\/\/terre-alternative.fr\/"},{"@type":"ListItem","position":2,"name":"Un parement Pierre pour la salle culturelle de Plo\u00ebdut"}]},{"@type":"WebSite","@id":"https:\/\/terre-alternative.fr\/#website","url":"https:\/\/terre-alternative.fr\/","name":"terre-alternative.fr","description":"Des habitats sains et naturels","publisher":{"@id":"https:\/\/terre-alternative.fr\/#organization"},"potentialAction":[{"@type":"SearchAction","target":{"@type":"EntryPoint","urlTemplate":"https:\/\/terre-alternative.fr\/?s={search_term_string}"},"query-input":{"@type":"PropertyValueSpecification","valueRequired":true,"valueName":"search_term_string"}}],"inLanguage":"fr-FR"},{"@type":"Organization","@id":"https:\/\/terre-alternative.fr\/#organization","name":"terre alternative sarl","url":"https:\/\/terre-alternative.fr\/","logo":{"@type":"ImageObject","inLanguage":"fr-FR","@id":"https:\/\/terre-alternative.fr\/#\/schema\/logo\/image\/","url":"https:\/\/terre-alternative.fr\/wp-content\/uploads\/2017\/05\/LOGO-Terre-Alternative.png","contentUrl":"https:\/\/terre-alternative.fr\/wp-content\/uploads\/2017\/05\/LOGO-Terre-Alternative.png","width":2475,"height":1120,"caption":"terre alternative sarl"},"image":{"@id":"https:\/\/terre-alternative.fr\/#\/schema\/logo\/image\/"},"sameAs":["https:\/\/www.facebook.com\/Terre-alternative-sarl-910821875760088\/notifications\/","https:\/\/x.com\/terrealternati1","https:\/\/www.pinterest.fr\/terrealternativesarl\/","https:\/\/www.youtube.com\/channel\/UC1_xNjvD0yMEW1t_VZ8aAEw"]},{"@type":"Person","@id":"https:\/\/terre-alternative.fr\/#\/schema\/person\/c47b36d3a7aa58194e70269ca7cece5f","name":"Amaury Bidel","image":{"@type":"ImageObject","inLanguage":"fr-FR","@id":"https:\/\/terre-alternative.fr\/#\/schema\/person\/image\/","url":"https:\/\/secure.gravatar.com\/avatar\/7d14548e70471625d2bd22d118f605cea5c763a37a645c13877e3e5e99a969c8?s=96&d=mm&r=g","contentUrl":"https:\/\/secure.gravatar.com\/avatar\/7d14548e70471625d2bd22d118f605cea5c763a37a645c13877e3e5e99a969c8?s=96&d=mm&r=g","caption":"Amaury Bidel"},"description":"Apr\u00e8s avoir auto-construit ma maison en bois, paille et terre en 2009, et apr\u00e8s quelques aventures, je me suis lanc\u00e9 dans la r\u00e9novation et la construction de maison en centre Bretagne. Titulaire d'une licence professionnelle \"\u00e9conomies d'\u00e9nergies et \u00e9nergies renouvelables\" je mettrais mes comp\u00e9tences au service de vos projets, pour vous aider \u00e0 r\u00e9aliser des logements, sains, confortable et \u00e9conomes en \u00e9nergies.","sameAs":["http:\/\/terre-alternative.fr"]}]}},"jetpack_featured_media_url":"https:\/\/terre-alternative.fr\/wp-content\/uploads\/2021\/12\/Parement-pierre-salle-culturelle-ploerdut-scaled.jpg","jetpack_sharing_enabled":true,"_links":{"self":[{"href":"https:\/\/terre-alternative.fr\/index.php\/wp-json\/wp\/v2\/posts\/1998","targetHints":{"allow":["GET"]}}],"collection":[{"href":"https:\/\/terre-alternative.fr\/index.php\/wp-json\/wp\/v2\/posts"}],"about":[{"href":"https:\/\/terre-alternative.fr\/index.php\/wp-json\/wp\/v2\/types\/post"}],"author":[{"embeddable":true,"href":"https:\/\/terre-alternative.fr\/index.php\/wp-json\/wp\/v2\/users\/1"}],"replies":[{"embeddable":true,"href":"https:\/\/terre-alternative.fr\/index.php\/wp-json\/wp\/v2\/comments?post=1998"}],"version-history":[{"count":27,"href":"https:\/\/terre-alternative.fr\/index.php\/wp-json\/wp\/v2\/posts\/1998\/revisions"}],"predecessor-version":[{"id":2078,"href":"https:\/\/terre-alternative.fr\/index.php\/wp-json\/wp\/v2\/posts\/1998\/revisions\/2078"}],"wp:featuredmedia":[{"embeddable":true,"href":"https:\/\/terre-alternative.fr\/index.php\/wp-json\/wp\/v2\/media\/2046"}],"wp:attachment":[{"href":"https:\/\/terre-alternative.fr\/index.php\/wp-json\/wp\/v2\/media?parent=1998"}],"wp:term":[{"taxonomy":"category","embeddable":true,"href":"https:\/\/terre-alternative.fr\/index.php\/wp-json\/wp\/v2\/categories?post=1998"},{"taxonomy":"post_tag","embeddable":true,"href":"https:\/\/terre-alternative.fr\/index.php\/wp-json\/wp\/v2\/tags?post=1998"}],"curies":[{"name":"wp","href":"https:\/\/api.w.org\/{rel}","templated":true}]}}