{"id":203,"date":"2017-10-06T17:31:09","date_gmt":"2017-10-06T15:31:09","guid":{"rendered":"http:\/\/terre-alternative.fr\/?p=203"},"modified":"2018-02-21T09:45:21","modified_gmt":"2018-02-21T08:45:21","slug":"chantiers-portes-ouvertes-les-d-de-leco-construction","status":"publish","type":"post","link":"https:\/\/terre-alternative.fr\/index.php\/2017\/10\/06\/chantiers-portes-ouvertes-les-d-de-leco-construction\/","title":{"rendered":"Chantiers portes ouvertes : les D de l&rsquo;\u00e9co-construction"},"content":{"rendered":"<p>Cette ann\u00e9e encore, <a href=\"http:\/\/www.centre-ouest-bretagne.org\/Actualites\/D-de-l-eco-construction-2017\">le pays COB organise l&rsquo;op\u00e9ration \u00ab\u00a0les D de l&rsquo;\u00e9co-construction\u00a0\u00bb<\/a>. D comme D\u00e9couverte ! Ce sont en fait 2 jours, le temps d&rsquo;un week-end pendant les quels des artisans travaillant dans le domaine de l&rsquo;\u00e9co-construction et de l&rsquo;\u00e9co-r\u00e9novation ouvrent les portes de certains de leurs chantiers. Cette ann\u00e9e 2017 les portes ouvertes auront lieu le week-end du 4 et du 5 novembre.<\/p>\n<p>Mieux que des salons ou des foires lors desquelles on vous pr\u00e9sente des maquette, nous vous pr\u00e9sentons lors des portes ouvertes de vrais chantiers, avec de vrais clients! Vous pourrez voir grandeur nature les travaux finis ou en cours d&rsquo;une dizaine de chantier sur tous le territoire du centre ouest Bretagne.<\/p>\n<p>Pour notre part, nous serons pr\u00e9sents sur 3 chantiers :<\/p>\n<ul>\n<li>Samedi et dimanche : <a href=\"http:\/\/terre-alternative.fr\/index.php\/2017\/10\/02\/un-vrai-chantier-de-renovation-pour-une-formation-pre-qualifiante\/\">La maison du stade \u00e0 Carhaix<\/a> : Enduits terre, enduits chaux chanvre, mur chauffant et isolation li\u00e8ge. Ce chantier est un peu particulier, puisque c&rsquo;est un chantier participatif \u00e0 l&rsquo;occasion d&rsquo;une formation pr\u00e9-qualifiante lors de laquelle nous avons accompagn\u00e9 techniquement les participants qui ont mis en oeuvre des techniques d&rsquo;\u00e9co-r\u00e9novation sur un vrai chantier. <strong>Rue du Dr Menguy, 29270, Carhaix<\/strong><\/li>\n<\/ul>\n<p>[vc_row][vc_column]<div class=\"grve-element grve-gallery grve-isotope grve-gallery-popup\" style=\"\" data-gutter=\"yes\" data-type=\"3-columns\" data-layout=\"fitRows\"><div class=\"grve-isotope-container\"><div class=\"grve-isotope-item \"><a href=\"https:\/\/terre-alternative.fr\/wp-content\/uploads\/2017\/10\/DSC_2751-1920x1285.jpg\"><figure class=\"grve-image-hover grve-zoom-in\"><div class=\"grve-media grve-dark-overlay grve-opacity-80\"><img loading=\"lazy\" decoding=\"async\" width=\"560\" height=\"560\" src=\"https:\/\/terre-alternative.fr\/wp-content\/uploads\/2017\/10\/DSC_2751-560x560.jpg\" class=\"attachment-grve-image-small-square size-grve-image-small-square\" alt=\"\" srcset=\"https:\/\/terre-alternative.fr\/wp-content\/uploads\/2017\/10\/DSC_2751-560x560.jpg 560w, https:\/\/terre-alternative.fr\/wp-content\/uploads\/2017\/10\/DSC_2751-300x300.jpg 300w, https:\/\/terre-alternative.fr\/wp-content\/uploads\/2017\/10\/DSC_2751-100x100.jpg 100w, https:\/\/terre-alternative.fr\/wp-content\/uploads\/2017\/10\/DSC_2751-150x150.jpg 150w, https:\/\/terre-alternative.fr\/wp-content\/uploads\/2017\/10\/DSC_2751-80x80.jpg 80w, https:\/\/terre-alternative.fr\/wp-content\/uploads\/2017\/10\/DSC_2751-1120x1120.jpg 1120w\" sizes=\"auto, (max-width: 560px) 100vw, 560px\" \/><\/div><figcaption><h6 class=\"grve-title grve-dark\">La maison du stade Charles Pinson<\/h6><span class=\"grve-caption grve-dark\">\u00e0 Carhaix (29)<\/span><\/figcaption><\/figure><\/a><\/div><div class=\"grve-isotope-item \"><a href=\"https:\/\/terre-alternative.fr\/wp-content\/uploads\/2017\/10\/DSC_2752-1920x1285.jpg\"><figure class=\"grve-image-hover grve-zoom-in\"><div class=\"grve-media grve-dark-overlay grve-opacity-80\"><img loading=\"lazy\" decoding=\"async\" width=\"560\" height=\"560\" src=\"https:\/\/terre-alternative.fr\/wp-content\/uploads\/2017\/10\/DSC_2752-560x560.jpg\" class=\"attachment-grve-image-small-square size-grve-image-small-square\" alt=\"\" srcset=\"https:\/\/terre-alternative.fr\/wp-content\/uploads\/2017\/10\/DSC_2752-560x560.jpg 560w, https:\/\/terre-alternative.fr\/wp-content\/uploads\/2017\/10\/DSC_2752-300x300.jpg 300w, https:\/\/terre-alternative.fr\/wp-content\/uploads\/2017\/10\/DSC_2752-100x100.jpg 100w, https:\/\/terre-alternative.fr\/wp-content\/uploads\/2017\/10\/DSC_2752-150x150.jpg 150w, https:\/\/terre-alternative.fr\/wp-content\/uploads\/2017\/10\/DSC_2752-80x80.jpg 80w, https:\/\/terre-alternative.fr\/wp-content\/uploads\/2017\/10\/DSC_2752-1120x1120.jpg 1120w\" sizes=\"auto, (max-width: 560px) 100vw, 560px\" \/><\/div><figcaption><h6 class=\"grve-title grve-dark\">Enduits terre et finition poudre de marbre rouge<\/h6><\/figcaption><\/figure><\/a><\/div><div class=\"grve-isotope-item \"><a href=\"https:\/\/terre-alternative.fr\/wp-content\/uploads\/2017\/10\/DSC_2763-1920x1285.jpg\"><figure class=\"grve-image-hover grve-zoom-in\"><div class=\"grve-media grve-dark-overlay grve-opacity-80\"><img loading=\"lazy\" decoding=\"async\" width=\"560\" height=\"560\" src=\"https:\/\/terre-alternative.fr\/wp-content\/uploads\/2017\/10\/DSC_2763-560x560.jpg\" class=\"attachment-grve-image-small-square size-grve-image-small-square\" alt=\"\" srcset=\"https:\/\/terre-alternative.fr\/wp-content\/uploads\/2017\/10\/DSC_2763-560x560.jpg 560w, https:\/\/terre-alternative.fr\/wp-content\/uploads\/2017\/10\/DSC_2763-300x300.jpg 300w, https:\/\/terre-alternative.fr\/wp-content\/uploads\/2017\/10\/DSC_2763-100x100.jpg 100w, https:\/\/terre-alternative.fr\/wp-content\/uploads\/2017\/10\/DSC_2763-150x150.jpg 150w, https:\/\/terre-alternative.fr\/wp-content\/uploads\/2017\/10\/DSC_2763-80x80.jpg 80w, https:\/\/terre-alternative.fr\/wp-content\/uploads\/2017\/10\/DSC_2763-1120x1120.jpg 1120w\" sizes=\"auto, (max-width: 560px) 100vw, 560px\" \/><\/div><figcaption><h6 class=\"grve-title grve-dark\">Plancher bois massif et r\u00e9agr\u00e9age cr\u00e9atif<\/h6><\/figcaption><\/figure><\/a><\/div><\/div><\/div>[\/vc_column][\/vc_row]<\/p>\n<ul>\n<li>Samedi et dimanche : <a href=\"http:\/\/terre-alternative.fr\/index.php\/2017\/05\/17\/renovation-dune-etable-en-miellerie\/\">La miellerie de la fontaine Airmeth<\/a>, Thomas et Claire nous accueillerons dans leur miellerie qu&rsquo;il inaugurent ce week-end. Nous y avons r\u00e9alis\u00e9 des enduits chaux-chanvre, des cloisons en briques de chaux-chanvre, r\u00e9nov\u00e9 et drain\u00e9 la dalle \u00e0 l&rsquo;int\u00e9rieur comme \u00e0 l&rsquo;ext\u00e9rieur. En plus de la visite du chantier et des explications techniques sur les travaux, vous aurez droit \u00e0 une d\u00e9monstration d&rsquo;extraction de miel. <strong>Kerio,56160, Ploerdut<\/strong><\/li>\n<\/ul>\n<p>[vc_row][vc_column]<div class=\"grve-element grve-gallery grve-isotope grve-gallery-popup\" style=\"\" data-gutter=\"yes\" data-type=\"3-columns\" data-layout=\"fitRows\"><div class=\"grve-isotope-container\"><div class=\"grve-isotope-item \"><a href=\"https:\/\/terre-alternative.fr\/wp-content\/uploads\/2017\/10\/DSC_2402-1920x1285.jpg\"><figure class=\"grve-image-hover grve-zoom-in\"><div class=\"grve-media grve-dark-overlay grve-opacity-80\"><img loading=\"lazy\" decoding=\"async\" width=\"560\" height=\"560\" src=\"https:\/\/terre-alternative.fr\/wp-content\/uploads\/2017\/10\/DSC_2402-560x560.jpg\" class=\"attachment-grve-image-small-square size-grve-image-small-square\" alt=\"\" srcset=\"https:\/\/terre-alternative.fr\/wp-content\/uploads\/2017\/10\/DSC_2402-560x560.jpg 560w, https:\/\/terre-alternative.fr\/wp-content\/uploads\/2017\/10\/DSC_2402-300x300.jpg 300w, https:\/\/terre-alternative.fr\/wp-content\/uploads\/2017\/10\/DSC_2402-100x100.jpg 100w, https:\/\/terre-alternative.fr\/wp-content\/uploads\/2017\/10\/DSC_2402-150x150.jpg 150w, https:\/\/terre-alternative.fr\/wp-content\/uploads\/2017\/10\/DSC_2402-80x80.jpg 80w, https:\/\/terre-alternative.fr\/wp-content\/uploads\/2017\/10\/DSC_2402-1120x1120.jpg 1120w\" sizes=\"auto, (max-width: 560px) 100vw, 560px\" \/><\/div><figcaption><h6 class=\"grve-title grve-dark\">Chantier termin\u00e9, menuiseries ext\u00e9rieures pos\u00e9es<\/h6><\/figcaption><\/figure><\/a><\/div><div class=\"grve-isotope-item \"><a href=\"https:\/\/terre-alternative.fr\/wp-content\/uploads\/2017\/10\/DSC_2414-1920x1285.jpg\"><figure class=\"grve-image-hover grve-zoom-in\"><div class=\"grve-media grve-dark-overlay grve-opacity-80\"><img loading=\"lazy\" decoding=\"async\" width=\"560\" height=\"560\" src=\"https:\/\/terre-alternative.fr\/wp-content\/uploads\/2017\/10\/DSC_2414-560x560.jpg\" class=\"attachment-grve-image-small-square size-grve-image-small-square\" alt=\"\" srcset=\"https:\/\/terre-alternative.fr\/wp-content\/uploads\/2017\/10\/DSC_2414-560x560.jpg 560w, https:\/\/terre-alternative.fr\/wp-content\/uploads\/2017\/10\/DSC_2414-300x300.jpg 300w, https:\/\/terre-alternative.fr\/wp-content\/uploads\/2017\/10\/DSC_2414-100x100.jpg 100w, https:\/\/terre-alternative.fr\/wp-content\/uploads\/2017\/10\/DSC_2414-150x150.jpg 150w, https:\/\/terre-alternative.fr\/wp-content\/uploads\/2017\/10\/DSC_2414-80x80.jpg 80w, https:\/\/terre-alternative.fr\/wp-content\/uploads\/2017\/10\/DSC_2414-1120x1120.jpg 1120w\" sizes=\"auto, (max-width: 560px) 100vw, 560px\" \/><\/div><figcaption><h6 class=\"grve-title grve-dark\">Int\u00e9rieur de la miellerie<\/h6><\/figcaption><\/figure><\/a><\/div><div class=\"grve-isotope-item \"><a href=\"https:\/\/terre-alternative.fr\/wp-content\/uploads\/2017\/10\/DSC_2416-1920x1285.jpg\"><figure class=\"grve-image-hover grve-zoom-in\"><div class=\"grve-media grve-dark-overlay grve-opacity-80\"><img loading=\"lazy\" decoding=\"async\" width=\"560\" height=\"560\" src=\"https:\/\/terre-alternative.fr\/wp-content\/uploads\/2017\/10\/DSC_2416-560x560.jpg\" class=\"attachment-grve-image-small-square size-grve-image-small-square\" alt=\"\" srcset=\"https:\/\/terre-alternative.fr\/wp-content\/uploads\/2017\/10\/DSC_2416-560x560.jpg 560w, https:\/\/terre-alternative.fr\/wp-content\/uploads\/2017\/10\/DSC_2416-300x300.jpg 300w, https:\/\/terre-alternative.fr\/wp-content\/uploads\/2017\/10\/DSC_2416-100x100.jpg 100w, https:\/\/terre-alternative.fr\/wp-content\/uploads\/2017\/10\/DSC_2416-150x150.jpg 150w, https:\/\/terre-alternative.fr\/wp-content\/uploads\/2017\/10\/DSC_2416-80x80.jpg 80w, https:\/\/terre-alternative.fr\/wp-content\/uploads\/2017\/10\/DSC_2416-1120x1120.jpg 1120w\" sizes=\"auto, (max-width: 560px) 100vw, 560px\" \/><\/div><figcaption><h6 class=\"grve-title grve-dark\">Int\u00e9rieur de la miellerie<\/h6><\/figcaption><\/figure><\/a><\/div><\/div><\/div>[\/vc_column][\/vc_row]<\/p>\n<ul>\n<li><strong>Dimanche<\/strong> 5 novembre : <a href=\"http:\/\/terre-alternative.fr\/index.php\/2017\/07\/27\/fabrication-et-pose-dune-cuisine-amenagee-en-douglas-massif\/\">La cuisine d&rsquo;H\u00e9l\u00e8ne<\/a>, nous avons compl\u00e9tement refait la cuisine : sol en carrelage, murs en terre sur doublage fermacell, faux-plafond isol\u00e9 en ouate de cellulose, toiture en bac-acier, et bien s\u00fbr fabrication et pose d&rsquo;une cuisine am\u00e9nag\u00e9e en bois massif. <strong>Route de Lanouenec, 29270, Carhaix-Plouguer<\/strong><\/li>\n<\/ul>\n<p>[vc_row][vc_column]<div class=\"grve-element grve-gallery grve-isotope grve-gallery-popup\" style=\"\" data-gutter=\"yes\" data-type=\"3-columns\" data-layout=\"fitRows\"><div class=\"grve-isotope-container\"><div class=\"grve-isotope-item \"><a href=\"https:\/\/terre-alternative.fr\/wp-content\/uploads\/2017\/10\/DSC_2127-1920x1285.jpg\"><figure class=\"grve-image-hover grve-zoom-in\"><div class=\"grve-media grve-dark-overlay grve-opacity-80\"><img loading=\"lazy\" decoding=\"async\" width=\"560\" height=\"560\" src=\"https:\/\/terre-alternative.fr\/wp-content\/uploads\/2017\/10\/DSC_2127-560x560.jpg\" class=\"attachment-grve-image-small-square size-grve-image-small-square\" alt=\"\" srcset=\"https:\/\/terre-alternative.fr\/wp-content\/uploads\/2017\/10\/DSC_2127-560x560.jpg 560w, https:\/\/terre-alternative.fr\/wp-content\/uploads\/2017\/10\/DSC_2127-300x300.jpg 300w, https:\/\/terre-alternative.fr\/wp-content\/uploads\/2017\/10\/DSC_2127-100x100.jpg 100w, https:\/\/terre-alternative.fr\/wp-content\/uploads\/2017\/10\/DSC_2127-150x150.jpg 150w, https:\/\/terre-alternative.fr\/wp-content\/uploads\/2017\/10\/DSC_2127-80x80.jpg 80w, https:\/\/terre-alternative.fr\/wp-content\/uploads\/2017\/10\/DSC_2127-1120x1120.jpg 1120w\" sizes=\"auto, (max-width: 560px) 100vw, 560px\" \/><\/div><figcaption><h6 class=\"grve-title grve-dark\">Cuisine am\u00e9nag\u00e9e en pin douglas massif<\/h6><\/figcaption><\/figure><\/a><\/div><div class=\"grve-isotope-item \"><a href=\"https:\/\/terre-alternative.fr\/wp-content\/uploads\/2017\/10\/DSC_2135-1920x1285.jpg\"><figure class=\"grve-image-hover grve-zoom-in\"><div class=\"grve-media grve-dark-overlay grve-opacity-80\"><img loading=\"lazy\" decoding=\"async\" width=\"560\" height=\"560\" src=\"https:\/\/terre-alternative.fr\/wp-content\/uploads\/2017\/10\/DSC_2135-560x560.jpg\" class=\"attachment-grve-image-small-square size-grve-image-small-square\" alt=\"\" srcset=\"https:\/\/terre-alternative.fr\/wp-content\/uploads\/2017\/10\/DSC_2135-560x560.jpg 560w, https:\/\/terre-alternative.fr\/wp-content\/uploads\/2017\/10\/DSC_2135-300x300.jpg 300w, https:\/\/terre-alternative.fr\/wp-content\/uploads\/2017\/10\/DSC_2135-100x100.jpg 100w, https:\/\/terre-alternative.fr\/wp-content\/uploads\/2017\/10\/DSC_2135-150x150.jpg 150w, https:\/\/terre-alternative.fr\/wp-content\/uploads\/2017\/10\/DSC_2135-80x80.jpg 80w, https:\/\/terre-alternative.fr\/wp-content\/uploads\/2017\/10\/DSC_2135-1120x1120.jpg 1120w\" sizes=\"auto, (max-width: 560px) 100vw, 560px\" \/><\/div><figcaption><h6 class=\"grve-title grve-dark\">Cuisine am\u00e9nag\u00e9e en pin douglas massif<\/h6><\/figcaption><\/figure><\/a><\/div><div class=\"grve-isotope-item \"><a href=\"https:\/\/terre-alternative.fr\/wp-content\/uploads\/2017\/10\/DSC_2138-1920x1285.jpg\"><figure class=\"grve-image-hover grve-zoom-in\"><div class=\"grve-media grve-dark-overlay grve-opacity-80\"><img loading=\"lazy\" decoding=\"async\" width=\"560\" height=\"560\" src=\"https:\/\/terre-alternative.fr\/wp-content\/uploads\/2017\/10\/DSC_2138-560x560.jpg\" class=\"attachment-grve-image-small-square size-grve-image-small-square\" alt=\"\" srcset=\"https:\/\/terre-alternative.fr\/wp-content\/uploads\/2017\/10\/DSC_2138-560x560.jpg 560w, https:\/\/terre-alternative.fr\/wp-content\/uploads\/2017\/10\/DSC_2138-300x300.jpg 300w, https:\/\/terre-alternative.fr\/wp-content\/uploads\/2017\/10\/DSC_2138-100x100.jpg 100w, https:\/\/terre-alternative.fr\/wp-content\/uploads\/2017\/10\/DSC_2138-150x150.jpg 150w, https:\/\/terre-alternative.fr\/wp-content\/uploads\/2017\/10\/DSC_2138-80x80.jpg 80w, https:\/\/terre-alternative.fr\/wp-content\/uploads\/2017\/10\/DSC_2138-1120x1120.jpg 1120w\" sizes=\"auto, (max-width: 560px) 100vw, 560px\" \/><\/div><figcaption><h6 class=\"grve-title grve-dark\">Cuisine am\u00e9nag\u00e9e en pin douglas massif<\/h6><\/figcaption><\/figure><\/a><\/div><\/div><\/div>[\/vc_column][\/vc_row]<\/p>\n<p>N&rsquo;h\u00e9sitez pas \u00e0 venir \u00e0 notre rencontre lors de ces portes ouvertes, et n&rsquo;oubliez pas qu&rsquo;une dizaine de chantiers en tout son ouverts pour vous faire d\u00e9couvrir les techniques de l&rsquo;\u00e9co-construction et de l&rsquo;\u00e9co-r\u00e9novation. Pour en savoir plus, visitez <a href=\"http:\/\/www.centre-ouest-bretagne.org\/Actualites\/D-de-l-eco-construction-2017\">le site du pays centre ouest Bretagne<\/a>, ou bien<\/p>\n","protected":false},"excerpt":{"rendered":"<p>Cette ann\u00e9e encore, le pays COB organise l&rsquo;op\u00e9ration \u00ab\u00a0les D de l&rsquo;\u00e9co-construction\u00a0\u00bb. D comme D\u00e9couverte ! Ce sont en fait 2 jours, le temps d&rsquo;un week-end pendant les quels des artisans travaillant dans le domaine de l&rsquo;\u00e9co-construction et de l&rsquo;\u00e9co-r\u00e9novation ouvrent les portes de certains de leurs chantiers. Cette ann\u00e9e 2017 les portes ouvertes auront [&hellip;]<\/p>\n","protected":false},"author":1,"featured_media":205,"comment_status":"open","ping_status":"open","sticky":false,"template":"","format":"standard","meta":{"_jetpack_memberships_contains_paid_content":false,"footnotes":"","jetpack_publicize_message":"","jetpack_publicize_feature_enabled":true,"jetpack_social_post_already_shared":false,"jetpack_social_options":{"image_generator_settings":{"template":"highway","enabled":false},"version":2}},"categories":[65,49],"tags":[66,67],"class_list":["post-203","post","type-post","status-publish","format-standard","has-post-thumbnail","hentry","category-actualites","category-chantier-participatif","tag-actualites","tag-portes-ouvertes"],"jetpack_publicize_connections":[],"yoast_head":"<!-- This site is optimized with the Yoast SEO plugin v24.6 - https:\/\/yoast.com\/wordpress\/plugins\/seo\/ -->\n<title>Chantiers portes ouvertes : les D de l&#039;\u00e9co-construction - terre-alternative.fr<\/title>\n<meta name=\"robots\" content=\"index, follow, max-snippet:-1, max-image-preview:large, max-video-preview:-1\" \/>\n<link rel=\"canonical\" href=\"https:\/\/terre-alternative.fr\/index.php\/2017\/10\/06\/chantiers-portes-ouvertes-les-d-de-leco-construction\/\" \/>\n<meta property=\"og:locale\" content=\"fr_FR\" \/>\n<meta property=\"og:type\" content=\"article\" \/>\n<meta property=\"og:title\" content=\"Chantiers portes ouvertes : les D de l&#039;\u00e9co-construction - terre-alternative.fr\" \/>\n<meta property=\"og:description\" content=\"Cette ann\u00e9e encore, le pays COB organise l&rsquo;op\u00e9ration \u00ab\u00a0les D de l&rsquo;\u00e9co-construction\u00a0\u00bb. D comme D\u00e9couverte ! Ce sont en fait 2 jours, le temps d&rsquo;un week-end pendant les quels des artisans travaillant dans le domaine de l&rsquo;\u00e9co-construction et de l&rsquo;\u00e9co-r\u00e9novation ouvrent les portes de certains de leurs chantiers. Cette ann\u00e9e 2017 les portes ouvertes auront [&hellip;]\" \/>\n<meta property=\"og:url\" content=\"https:\/\/terre-alternative.fr\/index.php\/2017\/10\/06\/chantiers-portes-ouvertes-les-d-de-leco-construction\/\" \/>\n<meta property=\"og:site_name\" content=\"terre-alternative.fr\" \/>\n<meta property=\"article:publisher\" content=\"https:\/\/www.facebook.com\/Terre-alternative-sarl-910821875760088\/notifications\/\" \/>\n<meta property=\"article:published_time\" content=\"2017-10-06T15:31:09+00:00\" \/>\n<meta property=\"article:modified_time\" content=\"2018-02-21T08:45:21+00:00\" \/>\n<meta property=\"og:image\" content=\"https:\/\/terre-alternative.fr\/wp-content\/uploads\/2017\/10\/PO-2017-Encart-Facebook.jpg\" \/>\n\t<meta property=\"og:image:width\" content=\"2000\" \/>\n\t<meta property=\"og:image:height\" content=\"824\" \/>\n\t<meta property=\"og:image:type\" content=\"image\/jpeg\" \/>\n<meta name=\"author\" content=\"Amaury Bidel\" \/>\n<meta name=\"twitter:card\" content=\"summary_large_image\" \/>\n<meta name=\"twitter:creator\" content=\"@terrealternati1\" \/>\n<meta name=\"twitter:site\" content=\"@terrealternati1\" \/>\n<meta name=\"twitter:label1\" content=\"\u00c9crit par\" \/>\n\t<meta name=\"twitter:data1\" content=\"Amaury Bidel\" \/>\n\t<meta name=\"twitter:label2\" content=\"Dur\u00e9e de lecture estim\u00e9e\" \/>\n\t<meta name=\"twitter:data2\" content=\"2 minutes\" \/>\n<script type=\"application\/ld+json\" class=\"yoast-schema-graph\">{\"@context\":\"https:\/\/schema.org\",\"@graph\":[{\"@type\":\"Article\",\"@id\":\"https:\/\/terre-alternative.fr\/index.php\/2017\/10\/06\/chantiers-portes-ouvertes-les-d-de-leco-construction\/#article\",\"isPartOf\":{\"@id\":\"https:\/\/terre-alternative.fr\/index.php\/2017\/10\/06\/chantiers-portes-ouvertes-les-d-de-leco-construction\/\"},\"author\":{\"name\":\"Amaury Bidel\",\"@id\":\"https:\/\/terre-alternative.fr\/#\/schema\/person\/c47b36d3a7aa58194e70269ca7cece5f\"},\"headline\":\"Chantiers portes ouvertes : les D de l&rsquo;\u00e9co-construction\",\"datePublished\":\"2017-10-06T15:31:09+00:00\",\"dateModified\":\"2018-02-21T08:45:21+00:00\",\"mainEntityOfPage\":{\"@id\":\"https:\/\/terre-alternative.fr\/index.php\/2017\/10\/06\/chantiers-portes-ouvertes-les-d-de-leco-construction\/\"},\"wordCount\":418,\"commentCount\":0,\"publisher\":{\"@id\":\"https:\/\/terre-alternative.fr\/#organization\"},\"image\":{\"@id\":\"https:\/\/terre-alternative.fr\/index.php\/2017\/10\/06\/chantiers-portes-ouvertes-les-d-de-leco-construction\/#primaryimage\"},\"thumbnailUrl\":\"https:\/\/terre-alternative.fr\/wp-content\/uploads\/2017\/10\/PO-2017-Encart-Facebook.jpg\",\"keywords\":[\"Actualit\u00e9s\",\"portes ouvertes\"],\"articleSection\":[\"Actualit\u00e9s\",\"Chantier Participatif\"],\"inLanguage\":\"fr-FR\",\"potentialAction\":[{\"@type\":\"CommentAction\",\"name\":\"Comment\",\"target\":[\"https:\/\/terre-alternative.fr\/index.php\/2017\/10\/06\/chantiers-portes-ouvertes-les-d-de-leco-construction\/#respond\"]}]},{\"@type\":\"WebPage\",\"@id\":\"https:\/\/terre-alternative.fr\/index.php\/2017\/10\/06\/chantiers-portes-ouvertes-les-d-de-leco-construction\/\",\"url\":\"https:\/\/terre-alternative.fr\/index.php\/2017\/10\/06\/chantiers-portes-ouvertes-les-d-de-leco-construction\/\",\"name\":\"Chantiers portes ouvertes : les D de l'\u00e9co-construction - terre-alternative.fr\",\"isPartOf\":{\"@id\":\"https:\/\/terre-alternative.fr\/#website\"},\"primaryImageOfPage\":{\"@id\":\"https:\/\/terre-alternative.fr\/index.php\/2017\/10\/06\/chantiers-portes-ouvertes-les-d-de-leco-construction\/#primaryimage\"},\"image\":{\"@id\":\"https:\/\/terre-alternative.fr\/index.php\/2017\/10\/06\/chantiers-portes-ouvertes-les-d-de-leco-construction\/#primaryimage\"},\"thumbnailUrl\":\"https:\/\/terre-alternative.fr\/wp-content\/uploads\/2017\/10\/PO-2017-Encart-Facebook.jpg\",\"datePublished\":\"2017-10-06T15:31:09+00:00\",\"dateModified\":\"2018-02-21T08:45:21+00:00\",\"breadcrumb\":{\"@id\":\"https:\/\/terre-alternative.fr\/index.php\/2017\/10\/06\/chantiers-portes-ouvertes-les-d-de-leco-construction\/#breadcrumb\"},\"inLanguage\":\"fr-FR\",\"potentialAction\":[{\"@type\":\"ReadAction\",\"target\":[\"https:\/\/terre-alternative.fr\/index.php\/2017\/10\/06\/chantiers-portes-ouvertes-les-d-de-leco-construction\/\"]}]},{\"@type\":\"ImageObject\",\"inLanguage\":\"fr-FR\",\"@id\":\"https:\/\/terre-alternative.fr\/index.php\/2017\/10\/06\/chantiers-portes-ouvertes-les-d-de-leco-construction\/#primaryimage\",\"url\":\"https:\/\/terre-alternative.fr\/wp-content\/uploads\/2017\/10\/PO-2017-Encart-Facebook.jpg\",\"contentUrl\":\"https:\/\/terre-alternative.fr\/wp-content\/uploads\/2017\/10\/PO-2017-Encart-Facebook.jpg\",\"width\":2000,\"height\":824},{\"@type\":\"BreadcrumbList\",\"@id\":\"https:\/\/terre-alternative.fr\/index.php\/2017\/10\/06\/chantiers-portes-ouvertes-les-d-de-leco-construction\/#breadcrumb\",\"itemListElement\":[{\"@type\":\"ListItem\",\"position\":1,\"name\":\"Accueil\",\"item\":\"https:\/\/terre-alternative.fr\/\"},{\"@type\":\"ListItem\",\"position\":2,\"name\":\"Chantiers portes ouvertes : les D de l&rsquo;\u00e9co-construction\"}]},{\"@type\":\"WebSite\",\"@id\":\"https:\/\/terre-alternative.fr\/#website\",\"url\":\"https:\/\/terre-alternative.fr\/\",\"name\":\"terre-alternative.fr\",\"description\":\"Des habitats sains et naturels\",\"publisher\":{\"@id\":\"https:\/\/terre-alternative.fr\/#organization\"},\"potentialAction\":[{\"@type\":\"SearchAction\",\"target\":{\"@type\":\"EntryPoint\",\"urlTemplate\":\"https:\/\/terre-alternative.fr\/?s={search_term_string}\"},\"query-input\":{\"@type\":\"PropertyValueSpecification\",\"valueRequired\":true,\"valueName\":\"search_term_string\"}}],\"inLanguage\":\"fr-FR\"},{\"@type\":\"Organization\",\"@id\":\"https:\/\/terre-alternative.fr\/#organization\",\"name\":\"terre alternative sarl\",\"url\":\"https:\/\/terre-alternative.fr\/\",\"logo\":{\"@type\":\"ImageObject\",\"inLanguage\":\"fr-FR\",\"@id\":\"https:\/\/terre-alternative.fr\/#\/schema\/logo\/image\/\",\"url\":\"https:\/\/terre-alternative.fr\/wp-content\/uploads\/2017\/05\/LOGO-Terre-Alternative.png\",\"contentUrl\":\"https:\/\/terre-alternative.fr\/wp-content\/uploads\/2017\/05\/LOGO-Terre-Alternative.png\",\"width\":2475,\"height\":1120,\"caption\":\"terre alternative sarl\"},\"image\":{\"@id\":\"https:\/\/terre-alternative.fr\/#\/schema\/logo\/image\/\"},\"sameAs\":[\"https:\/\/www.facebook.com\/Terre-alternative-sarl-910821875760088\/notifications\/\",\"https:\/\/x.com\/terrealternati1\",\"https:\/\/www.pinterest.fr\/terrealternativesarl\/\",\"https:\/\/www.youtube.com\/channel\/UC1_xNjvD0yMEW1t_VZ8aAEw\"]},{\"@type\":\"Person\",\"@id\":\"https:\/\/terre-alternative.fr\/#\/schema\/person\/c47b36d3a7aa58194e70269ca7cece5f\",\"name\":\"Amaury Bidel\",\"image\":{\"@type\":\"ImageObject\",\"inLanguage\":\"fr-FR\",\"@id\":\"https:\/\/terre-alternative.fr\/#\/schema\/person\/image\/\",\"url\":\"https:\/\/secure.gravatar.com\/avatar\/7d14548e70471625d2bd22d118f605cea5c763a37a645c13877e3e5e99a969c8?s=96&d=mm&r=g\",\"contentUrl\":\"https:\/\/secure.gravatar.com\/avatar\/7d14548e70471625d2bd22d118f605cea5c763a37a645c13877e3e5e99a969c8?s=96&d=mm&r=g\",\"caption\":\"Amaury Bidel\"},\"description\":\"Apr\u00e8s avoir auto-construit ma maison en bois, paille et terre en 2009, et apr\u00e8s quelques aventures, je me suis lanc\u00e9 dans la r\u00e9novation et la construction de maison en centre Bretagne. Titulaire d'une licence professionnelle \\\"\u00e9conomies d'\u00e9nergies et \u00e9nergies renouvelables\\\" je mettrais mes comp\u00e9tences au service de vos projets, pour vous aider \u00e0 r\u00e9aliser des logements, sains, confortable et \u00e9conomes en \u00e9nergies.\",\"sameAs\":[\"http:\/\/terre-alternative.fr\"]}]}<\/script>\n<!-- \/ Yoast SEO plugin. -->","yoast_head_json":{"title":"Chantiers portes ouvertes : les D de l'\u00e9co-construction - terre-alternative.fr","robots":{"index":"index","follow":"follow","max-snippet":"max-snippet:-1","max-image-preview":"max-image-preview:large","max-video-preview":"max-video-preview:-1"},"canonical":"https:\/\/terre-alternative.fr\/index.php\/2017\/10\/06\/chantiers-portes-ouvertes-les-d-de-leco-construction\/","og_locale":"fr_FR","og_type":"article","og_title":"Chantiers portes ouvertes : les D de l'\u00e9co-construction - terre-alternative.fr","og_description":"Cette ann\u00e9e encore, le pays COB organise l&rsquo;op\u00e9ration \u00ab\u00a0les D de l&rsquo;\u00e9co-construction\u00a0\u00bb. D comme D\u00e9couverte ! Ce sont en fait 2 jours, le temps d&rsquo;un week-end pendant les quels des artisans travaillant dans le domaine de l&rsquo;\u00e9co-construction et de l&rsquo;\u00e9co-r\u00e9novation ouvrent les portes de certains de leurs chantiers. Cette ann\u00e9e 2017 les portes ouvertes auront [&hellip;]","og_url":"https:\/\/terre-alternative.fr\/index.php\/2017\/10\/06\/chantiers-portes-ouvertes-les-d-de-leco-construction\/","og_site_name":"terre-alternative.fr","article_publisher":"https:\/\/www.facebook.com\/Terre-alternative-sarl-910821875760088\/notifications\/","article_published_time":"2017-10-06T15:31:09+00:00","article_modified_time":"2018-02-21T08:45:21+00:00","og_image":[{"width":2000,"height":824,"url":"https:\/\/terre-alternative.fr\/wp-content\/uploads\/2017\/10\/PO-2017-Encart-Facebook.jpg","type":"image\/jpeg"}],"author":"Amaury Bidel","twitter_card":"summary_large_image","twitter_creator":"@terrealternati1","twitter_site":"@terrealternati1","twitter_misc":{"\u00c9crit par":"Amaury Bidel","Dur\u00e9e de lecture estim\u00e9e":"2 minutes"},"schema":{"@context":"https:\/\/schema.org","@graph":[{"@type":"Article","@id":"https:\/\/terre-alternative.fr\/index.php\/2017\/10\/06\/chantiers-portes-ouvertes-les-d-de-leco-construction\/#article","isPartOf":{"@id":"https:\/\/terre-alternative.fr\/index.php\/2017\/10\/06\/chantiers-portes-ouvertes-les-d-de-leco-construction\/"},"author":{"name":"Amaury Bidel","@id":"https:\/\/terre-alternative.fr\/#\/schema\/person\/c47b36d3a7aa58194e70269ca7cece5f"},"headline":"Chantiers portes ouvertes : les D de l&rsquo;\u00e9co-construction","datePublished":"2017-10-06T15:31:09+00:00","dateModified":"2018-02-21T08:45:21+00:00","mainEntityOfPage":{"@id":"https:\/\/terre-alternative.fr\/index.php\/2017\/10\/06\/chantiers-portes-ouvertes-les-d-de-leco-construction\/"},"wordCount":418,"commentCount":0,"publisher":{"@id":"https:\/\/terre-alternative.fr\/#organization"},"image":{"@id":"https:\/\/terre-alternative.fr\/index.php\/2017\/10\/06\/chantiers-portes-ouvertes-les-d-de-leco-construction\/#primaryimage"},"thumbnailUrl":"https:\/\/terre-alternative.fr\/wp-content\/uploads\/2017\/10\/PO-2017-Encart-Facebook.jpg","keywords":["Actualit\u00e9s","portes ouvertes"],"articleSection":["Actualit\u00e9s","Chantier Participatif"],"inLanguage":"fr-FR","potentialAction":[{"@type":"CommentAction","name":"Comment","target":["https:\/\/terre-alternative.fr\/index.php\/2017\/10\/06\/chantiers-portes-ouvertes-les-d-de-leco-construction\/#respond"]}]},{"@type":"WebPage","@id":"https:\/\/terre-alternative.fr\/index.php\/2017\/10\/06\/chantiers-portes-ouvertes-les-d-de-leco-construction\/","url":"https:\/\/terre-alternative.fr\/index.php\/2017\/10\/06\/chantiers-portes-ouvertes-les-d-de-leco-construction\/","name":"Chantiers portes ouvertes : les D de l'\u00e9co-construction - terre-alternative.fr","isPartOf":{"@id":"https:\/\/terre-alternative.fr\/#website"},"primaryImageOfPage":{"@id":"https:\/\/terre-alternative.fr\/index.php\/2017\/10\/06\/chantiers-portes-ouvertes-les-d-de-leco-construction\/#primaryimage"},"image":{"@id":"https:\/\/terre-alternative.fr\/index.php\/2017\/10\/06\/chantiers-portes-ouvertes-les-d-de-leco-construction\/#primaryimage"},"thumbnailUrl":"https:\/\/terre-alternative.fr\/wp-content\/uploads\/2017\/10\/PO-2017-Encart-Facebook.jpg","datePublished":"2017-10-06T15:31:09+00:00","dateModified":"2018-02-21T08:45:21+00:00","breadcrumb":{"@id":"https:\/\/terre-alternative.fr\/index.php\/2017\/10\/06\/chantiers-portes-ouvertes-les-d-de-leco-construction\/#breadcrumb"},"inLanguage":"fr-FR","potentialAction":[{"@type":"ReadAction","target":["https:\/\/terre-alternative.fr\/index.php\/2017\/10\/06\/chantiers-portes-ouvertes-les-d-de-leco-construction\/"]}]},{"@type":"ImageObject","inLanguage":"fr-FR","@id":"https:\/\/terre-alternative.fr\/index.php\/2017\/10\/06\/chantiers-portes-ouvertes-les-d-de-leco-construction\/#primaryimage","url":"https:\/\/terre-alternative.fr\/wp-content\/uploads\/2017\/10\/PO-2017-Encart-Facebook.jpg","contentUrl":"https:\/\/terre-alternative.fr\/wp-content\/uploads\/2017\/10\/PO-2017-Encart-Facebook.jpg","width":2000,"height":824},{"@type":"BreadcrumbList","@id":"https:\/\/terre-alternative.fr\/index.php\/2017\/10\/06\/chantiers-portes-ouvertes-les-d-de-leco-construction\/#breadcrumb","itemListElement":[{"@type":"ListItem","position":1,"name":"Accueil","item":"https:\/\/terre-alternative.fr\/"},{"@type":"ListItem","position":2,"name":"Chantiers portes ouvertes : les D de l&rsquo;\u00e9co-construction"}]},{"@type":"WebSite","@id":"https:\/\/terre-alternative.fr\/#website","url":"https:\/\/terre-alternative.fr\/","name":"terre-alternative.fr","description":"Des habitats sains et naturels","publisher":{"@id":"https:\/\/terre-alternative.fr\/#organization"},"potentialAction":[{"@type":"SearchAction","target":{"@type":"EntryPoint","urlTemplate":"https:\/\/terre-alternative.fr\/?s={search_term_string}"},"query-input":{"@type":"PropertyValueSpecification","valueRequired":true,"valueName":"search_term_string"}}],"inLanguage":"fr-FR"},{"@type":"Organization","@id":"https:\/\/terre-alternative.fr\/#organization","name":"terre alternative sarl","url":"https:\/\/terre-alternative.fr\/","logo":{"@type":"ImageObject","inLanguage":"fr-FR","@id":"https:\/\/terre-alternative.fr\/#\/schema\/logo\/image\/","url":"https:\/\/terre-alternative.fr\/wp-content\/uploads\/2017\/05\/LOGO-Terre-Alternative.png","contentUrl":"https:\/\/terre-alternative.fr\/wp-content\/uploads\/2017\/05\/LOGO-Terre-Alternative.png","width":2475,"height":1120,"caption":"terre alternative sarl"},"image":{"@id":"https:\/\/terre-alternative.fr\/#\/schema\/logo\/image\/"},"sameAs":["https:\/\/www.facebook.com\/Terre-alternative-sarl-910821875760088\/notifications\/","https:\/\/x.com\/terrealternati1","https:\/\/www.pinterest.fr\/terrealternativesarl\/","https:\/\/www.youtube.com\/channel\/UC1_xNjvD0yMEW1t_VZ8aAEw"]},{"@type":"Person","@id":"https:\/\/terre-alternative.fr\/#\/schema\/person\/c47b36d3a7aa58194e70269ca7cece5f","name":"Amaury Bidel","image":{"@type":"ImageObject","inLanguage":"fr-FR","@id":"https:\/\/terre-alternative.fr\/#\/schema\/person\/image\/","url":"https:\/\/secure.gravatar.com\/avatar\/7d14548e70471625d2bd22d118f605cea5c763a37a645c13877e3e5e99a969c8?s=96&d=mm&r=g","contentUrl":"https:\/\/secure.gravatar.com\/avatar\/7d14548e70471625d2bd22d118f605cea5c763a37a645c13877e3e5e99a969c8?s=96&d=mm&r=g","caption":"Amaury Bidel"},"description":"Apr\u00e8s avoir auto-construit ma maison en bois, paille et terre en 2009, et apr\u00e8s quelques aventures, je me suis lanc\u00e9 dans la r\u00e9novation et la construction de maison en centre Bretagne. Titulaire d'une licence professionnelle \"\u00e9conomies d'\u00e9nergies et \u00e9nergies renouvelables\" je mettrais mes comp\u00e9tences au service de vos projets, pour vous aider \u00e0 r\u00e9aliser des logements, sains, confortable et \u00e9conomes en \u00e9nergies.","sameAs":["http:\/\/terre-alternative.fr"]}]}},"jetpack_featured_media_url":"https:\/\/terre-alternative.fr\/wp-content\/uploads\/2017\/10\/PO-2017-Encart-Facebook.jpg","jetpack_sharing_enabled":true,"_links":{"self":[{"href":"https:\/\/terre-alternative.fr\/index.php\/wp-json\/wp\/v2\/posts\/203","targetHints":{"allow":["GET"]}}],"collection":[{"href":"https:\/\/terre-alternative.fr\/index.php\/wp-json\/wp\/v2\/posts"}],"about":[{"href":"https:\/\/terre-alternative.fr\/index.php\/wp-json\/wp\/v2\/types\/post"}],"author":[{"embeddable":true,"href":"https:\/\/terre-alternative.fr\/index.php\/wp-json\/wp\/v2\/users\/1"}],"replies":[{"embeddable":true,"href":"https:\/\/terre-alternative.fr\/index.php\/wp-json\/wp\/v2\/comments?post=203"}],"version-history":[{"count":9,"href":"https:\/\/terre-alternative.fr\/index.php\/wp-json\/wp\/v2\/posts\/203\/revisions"}],"predecessor-version":[{"id":308,"href":"https:\/\/terre-alternative.fr\/index.php\/wp-json\/wp\/v2\/posts\/203\/revisions\/308"}],"wp:featuredmedia":[{"embeddable":true,"href":"https:\/\/terre-alternative.fr\/index.php\/wp-json\/wp\/v2\/media\/205"}],"wp:attachment":[{"href":"https:\/\/terre-alternative.fr\/index.php\/wp-json\/wp\/v2\/media?parent=203"}],"wp:term":[{"taxonomy":"category","embeddable":true,"href":"https:\/\/terre-alternative.fr\/index.php\/wp-json\/wp\/v2\/categories?post=203"},{"taxonomy":"post_tag","embeddable":true,"href":"https:\/\/terre-alternative.fr\/index.php\/wp-json\/wp\/v2\/tags?post=203"}],"curies":[{"name":"wp","href":"https:\/\/api.w.org\/{rel}","templated":true}]}}