{"id":521,"date":"2017-05-01T17:02:44","date_gmt":"2017-05-01T15:02:44","guid":{"rendered":"http:\/\/terre-alternative.fr\/?p=521"},"modified":"2020-02-25T09:55:19","modified_gmt":"2020-02-25T08:55:19","slug":"nos-qualifications","status":"publish","type":"post","link":"https:\/\/terre-alternative.fr\/index.php\/2017\/05\/01\/nos-qualifications\/","title":{"rendered":"Nos qualifications"},"content":{"rendered":"<h3>Nos qualifications<\/h3>\n<p><span lang=\"zxx\">En ce qui concerne nos qualifications, nous sommes \u00ab\u00a0<a href=\"http:\/\/renovation-info-service.gouv.fr\/\">reconnu garant de l&rsquo;environnement<\/a>\u00a0\u00bb (RGE), et \u00e0 ce titre, nous vous permettons de pr\u00e9tendre aux aides de l&rsquo;\u00e9tat en mati\u00e8re de r\u00e9novation \u00e9nerg\u00e9tique de vos r\u00e9sidences : <a href=\"https:\/\/www.service-public.fr\/professionnels-entreprises\/vosdroits\/F31326\">cr\u00e9dits d&rsquo;imp\u00f4t<\/a> (CICE), <a href=\"https:\/\/www.service-public.fr\/particuliers\/vosdroits\/F10871\">pr\u00eat \u00e0 taux z\u00e9ro<\/a> (PTZ), <a href=\"http:\/\/www.anah.fr\/\">aides de Agence Nationale de l&rsquo;Habitat<\/a> (ANAH). De plus nous travaillons en \u00e9troite collaboration avec l&rsquo;<a href=\"https:\/\/alecob.jimdo.com\/conseils-aux-particuliers-l-espace-info-%C3%A9nergie\/\">agence locale de l&rsquo;\u00e9nergie du centre ouest Bretagne (ALECOB)<\/a> pour vous aider \u00e0 vous y retrouver dans ce d\u00e9dale administratif.<\/span><\/p>\n<p lang=\"zxx\">Outre les tracasseries administrative (mais qui peuvent vous donner un s\u00e9rieux coup de pouce), nous nous occupons du reste : conseils techniques et diagnostique, \u00e9tudes thermique pour \u00e9valuer les gains des diff\u00e9rentes solutions envisag\u00e9es, conception des solution et mise en \u0153uvre des mat\u00e9riaux jusqu&rsquo;\u00e0 la r\u00e9ception des travaux.<\/p>\n<p>[\/vc_column_text]<div class=\"grve-element grve-image grve-align-center\" style=\"\"><img loading=\"lazy\" decoding=\"async\" width=\"247\" height=\"300\" src=\"https:\/\/terre-alternative.fr\/wp-content\/uploads\/2017\/08\/LOGO-QUALIBAT-RGE-PNG-247x300.png\" class=\"attachment-medium size-medium\" alt=\"\" srcset=\"https:\/\/terre-alternative.fr\/wp-content\/uploads\/2017\/08\/LOGO-QUALIBAT-RGE-PNG-247x300.png 247w, https:\/\/terre-alternative.fr\/wp-content\/uploads\/2017\/08\/LOGO-QUALIBAT-RGE-PNG-600x729.png 600w, https:\/\/terre-alternative.fr\/wp-content\/uploads\/2017\/08\/LOGO-QUALIBAT-RGE-PNG-768x933.png 768w, https:\/\/terre-alternative.fr\/wp-content\/uploads\/2017\/08\/LOGO-QUALIBAT-RGE-PNG-843x1024.png 843w, https:\/\/terre-alternative.fr\/wp-content\/uploads\/2017\/08\/LOGO-QUALIBAT-RGE-PNG-1580x1920.png 1580w\" sizes=\"auto, (max-width: 247px) 100vw, 247px\" \/><\/div>[\/vc_column][\/vc_row]<\/p>\n","protected":false},"excerpt":{"rendered":"<p>Nos qualifications En ce qui concerne nos qualifications, nous sommes \u00ab\u00a0reconnu garant de l&rsquo;environnement\u00a0\u00bb (RGE), et \u00e0 ce titre, nous vous permettons de pr\u00e9tendre aux aides de l&rsquo;\u00e9tat en mati\u00e8re de r\u00e9novation \u00e9nerg\u00e9tique de vos r\u00e9sidences : cr\u00e9dits d&rsquo;imp\u00f4t (CICE), pr\u00eat \u00e0 taux z\u00e9ro (PTZ), aides de Agence Nationale de l&rsquo;Habitat (ANAH). De plus nous [&hellip;]<\/p>\n","protected":false},"author":1,"featured_media":125,"comment_status":"open","ping_status":"open","sticky":false,"template":"","format":"standard","meta":{"_jetpack_memberships_contains_paid_content":false,"footnotes":"","jetpack_publicize_message":"","jetpack_publicize_feature_enabled":true,"jetpack_social_post_already_shared":false,"jetpack_social_options":{"image_generator_settings":{"template":"highway","enabled":false},"version":2}},"categories":[65,15,1,24],"tags":[108],"class_list":["post-521","post","type-post","status-publish","format-standard","has-post-thumbnail","hentry","category-actualites","category-isolation","category-non-classe","category-techniques","tag-rge"],"jetpack_publicize_connections":[],"yoast_head":"<!-- This site is optimized with the Yoast SEO plugin v24.6 - https:\/\/yoast.com\/wordpress\/plugins\/seo\/ -->\n<title>En ce qui concerne nos qualifications - terre-alternative.fr<\/title>\n<meta name=\"description\" content=\"En ce qui concerne nos qualifications nous sommes &quot;reconnu garant de l&#039;environnement&quot; (RGE), et \u00e0 ce titre, nous vous permettons de pr\u00e9tendre aux aides de l&#039;\u00e9tat en mati\u00e8re de r\u00e9novation \u00e9nerg\u00e9tique de vos r\u00e9sidences : cr\u00e9dits d&#039;imp\u00f4t (CICE), pr\u00eat \u00e0 taux z\u00e9ro (PTZ), aides de Agence Nationale de l&#039;Habitat (ANAH). De plus nous travaillons en \u00e9troite collaboration avec l&#039;agence locale de l&#039;\u00e9nergie du centre ouest Bretagne (ALECOB) pour vous aider \u00e0 vous y retrouver dans ce d\u00e9dale administratif.\" \/>\n<meta name=\"robots\" content=\"index, follow, max-snippet:-1, max-image-preview:large, max-video-preview:-1\" \/>\n<link rel=\"canonical\" href=\"https:\/\/terre-alternative.fr\/index.php\/2017\/05\/01\/nos-qualifications\/\" \/>\n<meta property=\"og:locale\" content=\"fr_FR\" \/>\n<meta property=\"og:type\" content=\"article\" \/>\n<meta property=\"og:title\" content=\"En ce qui concerne nos qualifications - terre-alternative.fr\" \/>\n<meta property=\"og:description\" content=\"En ce qui concerne nos qualifications nous sommes &quot;reconnu garant de l&#039;environnement&quot; (RGE), et \u00e0 ce titre, nous vous permettons de pr\u00e9tendre aux aides de l&#039;\u00e9tat en mati\u00e8re de r\u00e9novation \u00e9nerg\u00e9tique de vos r\u00e9sidences : cr\u00e9dits d&#039;imp\u00f4t (CICE), pr\u00eat \u00e0 taux z\u00e9ro (PTZ), aides de Agence Nationale de l&#039;Habitat (ANAH). De plus nous travaillons en \u00e9troite collaboration avec l&#039;agence locale de l&#039;\u00e9nergie du centre ouest Bretagne (ALECOB) pour vous aider \u00e0 vous y retrouver dans ce d\u00e9dale administratif.\" \/>\n<meta property=\"og:url\" content=\"https:\/\/terre-alternative.fr\/index.php\/2017\/05\/01\/nos-qualifications\/\" \/>\n<meta property=\"og:site_name\" content=\"terre-alternative.fr\" \/>\n<meta property=\"article:publisher\" content=\"https:\/\/www.facebook.com\/Terre-alternative-sarl-910821875760088\/notifications\/\" \/>\n<meta property=\"article:published_time\" content=\"2017-05-01T15:02:44+00:00\" \/>\n<meta property=\"article:modified_time\" content=\"2020-02-25T08:55:19+00:00\" \/>\n<meta property=\"og:image\" content=\"https:\/\/terre-alternative.fr\/wp-content\/uploads\/2017\/08\/logo-ECO-ARTISAN.jpg\" \/>\n\t<meta property=\"og:image:width\" content=\"1654\" \/>\n\t<meta property=\"og:image:height\" content=\"1089\" \/>\n\t<meta property=\"og:image:type\" content=\"image\/jpeg\" \/>\n<meta name=\"author\" content=\"Amaury Bidel\" \/>\n<meta name=\"twitter:card\" content=\"summary_large_image\" \/>\n<meta name=\"twitter:creator\" content=\"@terrealternati1\" \/>\n<meta name=\"twitter:site\" content=\"@terrealternati1\" \/>\n<meta name=\"twitter:label1\" content=\"\u00c9crit par\" \/>\n\t<meta name=\"twitter:data1\" content=\"Amaury Bidel\" \/>\n\t<meta name=\"twitter:label2\" content=\"Dur\u00e9e de lecture estim\u00e9e\" \/>\n\t<meta name=\"twitter:data2\" content=\"1 minute\" \/>\n<script type=\"application\/ld+json\" class=\"yoast-schema-graph\">{\"@context\":\"https:\/\/schema.org\",\"@graph\":[{\"@type\":\"Article\",\"@id\":\"https:\/\/terre-alternative.fr\/index.php\/2017\/05\/01\/nos-qualifications\/#article\",\"isPartOf\":{\"@id\":\"https:\/\/terre-alternative.fr\/index.php\/2017\/05\/01\/nos-qualifications\/\"},\"author\":{\"name\":\"Amaury Bidel\",\"@id\":\"https:\/\/terre-alternative.fr\/#\/schema\/person\/c47b36d3a7aa58194e70269ca7cece5f\"},\"headline\":\"Nos qualifications\",\"datePublished\":\"2017-05-01T15:02:44+00:00\",\"dateModified\":\"2020-02-25T08:55:19+00:00\",\"mainEntityOfPage\":{\"@id\":\"https:\/\/terre-alternative.fr\/index.php\/2017\/05\/01\/nos-qualifications\/\"},\"wordCount\":156,\"commentCount\":0,\"publisher\":{\"@id\":\"https:\/\/terre-alternative.fr\/#organization\"},\"image\":{\"@id\":\"https:\/\/terre-alternative.fr\/index.php\/2017\/05\/01\/nos-qualifications\/#primaryimage\"},\"thumbnailUrl\":\"https:\/\/terre-alternative.fr\/wp-content\/uploads\/2017\/08\/logo-ECO-ARTISAN.jpg\",\"keywords\":[\"RGE\"],\"articleSection\":{\"0\":\"Actualit\u00e9s\",\"1\":\"Isolation\",\"3\":\"Techniques\"},\"inLanguage\":\"fr-FR\",\"potentialAction\":[{\"@type\":\"CommentAction\",\"name\":\"Comment\",\"target\":[\"https:\/\/terre-alternative.fr\/index.php\/2017\/05\/01\/nos-qualifications\/#respond\"]}]},{\"@type\":\"WebPage\",\"@id\":\"https:\/\/terre-alternative.fr\/index.php\/2017\/05\/01\/nos-qualifications\/\",\"url\":\"https:\/\/terre-alternative.fr\/index.php\/2017\/05\/01\/nos-qualifications\/\",\"name\":\"En ce qui concerne nos qualifications - terre-alternative.fr\",\"isPartOf\":{\"@id\":\"https:\/\/terre-alternative.fr\/#website\"},\"primaryImageOfPage\":{\"@id\":\"https:\/\/terre-alternative.fr\/index.php\/2017\/05\/01\/nos-qualifications\/#primaryimage\"},\"image\":{\"@id\":\"https:\/\/terre-alternative.fr\/index.php\/2017\/05\/01\/nos-qualifications\/#primaryimage\"},\"thumbnailUrl\":\"https:\/\/terre-alternative.fr\/wp-content\/uploads\/2017\/08\/logo-ECO-ARTISAN.jpg\",\"datePublished\":\"2017-05-01T15:02:44+00:00\",\"dateModified\":\"2020-02-25T08:55:19+00:00\",\"description\":\"En ce qui concerne nos qualifications nous sommes \\\"reconnu garant de l'environnement\\\" (RGE), et \u00e0 ce titre, nous vous permettons de pr\u00e9tendre aux aides de l'\u00e9tat en mati\u00e8re de r\u00e9novation \u00e9nerg\u00e9tique de vos r\u00e9sidences : cr\u00e9dits d'imp\u00f4t (CICE), pr\u00eat \u00e0 taux z\u00e9ro (PTZ), aides de Agence Nationale de l'Habitat (ANAH). De plus nous travaillons en \u00e9troite collaboration avec l'agence locale de l'\u00e9nergie du centre ouest Bretagne (ALECOB) pour vous aider \u00e0 vous y retrouver dans ce d\u00e9dale administratif.\",\"breadcrumb\":{\"@id\":\"https:\/\/terre-alternative.fr\/index.php\/2017\/05\/01\/nos-qualifications\/#breadcrumb\"},\"inLanguage\":\"fr-FR\",\"potentialAction\":[{\"@type\":\"ReadAction\",\"target\":[\"https:\/\/terre-alternative.fr\/index.php\/2017\/05\/01\/nos-qualifications\/\"]}]},{\"@type\":\"ImageObject\",\"inLanguage\":\"fr-FR\",\"@id\":\"https:\/\/terre-alternative.fr\/index.php\/2017\/05\/01\/nos-qualifications\/#primaryimage\",\"url\":\"https:\/\/terre-alternative.fr\/wp-content\/uploads\/2017\/08\/logo-ECO-ARTISAN.jpg\",\"contentUrl\":\"https:\/\/terre-alternative.fr\/wp-content\/uploads\/2017\/08\/logo-ECO-ARTISAN.jpg\",\"width\":1654,\"height\":1089},{\"@type\":\"BreadcrumbList\",\"@id\":\"https:\/\/terre-alternative.fr\/index.php\/2017\/05\/01\/nos-qualifications\/#breadcrumb\",\"itemListElement\":[{\"@type\":\"ListItem\",\"position\":1,\"name\":\"Accueil\",\"item\":\"https:\/\/terre-alternative.fr\/\"},{\"@type\":\"ListItem\",\"position\":2,\"name\":\"Nos qualifications\"}]},{\"@type\":\"WebSite\",\"@id\":\"https:\/\/terre-alternative.fr\/#website\",\"url\":\"https:\/\/terre-alternative.fr\/\",\"name\":\"terre-alternative.fr\",\"description\":\"Des habitats sains et naturels\",\"publisher\":{\"@id\":\"https:\/\/terre-alternative.fr\/#organization\"},\"potentialAction\":[{\"@type\":\"SearchAction\",\"target\":{\"@type\":\"EntryPoint\",\"urlTemplate\":\"https:\/\/terre-alternative.fr\/?s={search_term_string}\"},\"query-input\":{\"@type\":\"PropertyValueSpecification\",\"valueRequired\":true,\"valueName\":\"search_term_string\"}}],\"inLanguage\":\"fr-FR\"},{\"@type\":\"Organization\",\"@id\":\"https:\/\/terre-alternative.fr\/#organization\",\"name\":\"terre alternative sarl\",\"url\":\"https:\/\/terre-alternative.fr\/\",\"logo\":{\"@type\":\"ImageObject\",\"inLanguage\":\"fr-FR\",\"@id\":\"https:\/\/terre-alternative.fr\/#\/schema\/logo\/image\/\",\"url\":\"https:\/\/terre-alternative.fr\/wp-content\/uploads\/2017\/05\/LOGO-Terre-Alternative.png\",\"contentUrl\":\"https:\/\/terre-alternative.fr\/wp-content\/uploads\/2017\/05\/LOGO-Terre-Alternative.png\",\"width\":2475,\"height\":1120,\"caption\":\"terre alternative sarl\"},\"image\":{\"@id\":\"https:\/\/terre-alternative.fr\/#\/schema\/logo\/image\/\"},\"sameAs\":[\"https:\/\/www.facebook.com\/Terre-alternative-sarl-910821875760088\/notifications\/\",\"https:\/\/x.com\/terrealternati1\",\"https:\/\/www.pinterest.fr\/terrealternativesarl\/\",\"https:\/\/www.youtube.com\/channel\/UC1_xNjvD0yMEW1t_VZ8aAEw\"]},{\"@type\":\"Person\",\"@id\":\"https:\/\/terre-alternative.fr\/#\/schema\/person\/c47b36d3a7aa58194e70269ca7cece5f\",\"name\":\"Amaury Bidel\",\"image\":{\"@type\":\"ImageObject\",\"inLanguage\":\"fr-FR\",\"@id\":\"https:\/\/terre-alternative.fr\/#\/schema\/person\/image\/\",\"url\":\"https:\/\/secure.gravatar.com\/avatar\/7d14548e70471625d2bd22d118f605cea5c763a37a645c13877e3e5e99a969c8?s=96&d=mm&r=g\",\"contentUrl\":\"https:\/\/secure.gravatar.com\/avatar\/7d14548e70471625d2bd22d118f605cea5c763a37a645c13877e3e5e99a969c8?s=96&d=mm&r=g\",\"caption\":\"Amaury Bidel\"},\"description\":\"Apr\u00e8s avoir auto-construit ma maison en bois, paille et terre en 2009, et apr\u00e8s quelques aventures, je me suis lanc\u00e9 dans la r\u00e9novation et la construction de maison en centre Bretagne. Titulaire d'une licence professionnelle \\\"\u00e9conomies d'\u00e9nergies et \u00e9nergies renouvelables\\\" je mettrais mes comp\u00e9tences au service de vos projets, pour vous aider \u00e0 r\u00e9aliser des logements, sains, confortable et \u00e9conomes en \u00e9nergies.\",\"sameAs\":[\"http:\/\/terre-alternative.fr\"]}]}<\/script>\n<!-- \/ Yoast SEO plugin. -->","yoast_head_json":{"title":"En ce qui concerne nos qualifications - terre-alternative.fr","description":"En ce qui concerne nos qualifications nous sommes \"reconnu garant de l'environnement\" (RGE), et \u00e0 ce titre, nous vous permettons de pr\u00e9tendre aux aides de l'\u00e9tat en mati\u00e8re de r\u00e9novation \u00e9nerg\u00e9tique de vos r\u00e9sidences : cr\u00e9dits d'imp\u00f4t (CICE), pr\u00eat \u00e0 taux z\u00e9ro (PTZ), aides de Agence Nationale de l'Habitat (ANAH). De plus nous travaillons en \u00e9troite collaboration avec l'agence locale de l'\u00e9nergie du centre ouest Bretagne (ALECOB) pour vous aider \u00e0 vous y retrouver dans ce d\u00e9dale administratif.","robots":{"index":"index","follow":"follow","max-snippet":"max-snippet:-1","max-image-preview":"max-image-preview:large","max-video-preview":"max-video-preview:-1"},"canonical":"https:\/\/terre-alternative.fr\/index.php\/2017\/05\/01\/nos-qualifications\/","og_locale":"fr_FR","og_type":"article","og_title":"En ce qui concerne nos qualifications - terre-alternative.fr","og_description":"En ce qui concerne nos qualifications nous sommes \"reconnu garant de l'environnement\" (RGE), et \u00e0 ce titre, nous vous permettons de pr\u00e9tendre aux aides de l'\u00e9tat en mati\u00e8re de r\u00e9novation \u00e9nerg\u00e9tique de vos r\u00e9sidences : cr\u00e9dits d'imp\u00f4t (CICE), pr\u00eat \u00e0 taux z\u00e9ro (PTZ), aides de Agence Nationale de l'Habitat (ANAH). De plus nous travaillons en \u00e9troite collaboration avec l'agence locale de l'\u00e9nergie du centre ouest Bretagne (ALECOB) pour vous aider \u00e0 vous y retrouver dans ce d\u00e9dale administratif.","og_url":"https:\/\/terre-alternative.fr\/index.php\/2017\/05\/01\/nos-qualifications\/","og_site_name":"terre-alternative.fr","article_publisher":"https:\/\/www.facebook.com\/Terre-alternative-sarl-910821875760088\/notifications\/","article_published_time":"2017-05-01T15:02:44+00:00","article_modified_time":"2020-02-25T08:55:19+00:00","og_image":[{"width":1654,"height":1089,"url":"https:\/\/terre-alternative.fr\/wp-content\/uploads\/2017\/08\/logo-ECO-ARTISAN.jpg","type":"image\/jpeg"}],"author":"Amaury Bidel","twitter_card":"summary_large_image","twitter_creator":"@terrealternati1","twitter_site":"@terrealternati1","twitter_misc":{"\u00c9crit par":"Amaury Bidel","Dur\u00e9e de lecture estim\u00e9e":"1 minute"},"schema":{"@context":"https:\/\/schema.org","@graph":[{"@type":"Article","@id":"https:\/\/terre-alternative.fr\/index.php\/2017\/05\/01\/nos-qualifications\/#article","isPartOf":{"@id":"https:\/\/terre-alternative.fr\/index.php\/2017\/05\/01\/nos-qualifications\/"},"author":{"name":"Amaury Bidel","@id":"https:\/\/terre-alternative.fr\/#\/schema\/person\/c47b36d3a7aa58194e70269ca7cece5f"},"headline":"Nos qualifications","datePublished":"2017-05-01T15:02:44+00:00","dateModified":"2020-02-25T08:55:19+00:00","mainEntityOfPage":{"@id":"https:\/\/terre-alternative.fr\/index.php\/2017\/05\/01\/nos-qualifications\/"},"wordCount":156,"commentCount":0,"publisher":{"@id":"https:\/\/terre-alternative.fr\/#organization"},"image":{"@id":"https:\/\/terre-alternative.fr\/index.php\/2017\/05\/01\/nos-qualifications\/#primaryimage"},"thumbnailUrl":"https:\/\/terre-alternative.fr\/wp-content\/uploads\/2017\/08\/logo-ECO-ARTISAN.jpg","keywords":["RGE"],"articleSection":{"0":"Actualit\u00e9s","1":"Isolation","3":"Techniques"},"inLanguage":"fr-FR","potentialAction":[{"@type":"CommentAction","name":"Comment","target":["https:\/\/terre-alternative.fr\/index.php\/2017\/05\/01\/nos-qualifications\/#respond"]}]},{"@type":"WebPage","@id":"https:\/\/terre-alternative.fr\/index.php\/2017\/05\/01\/nos-qualifications\/","url":"https:\/\/terre-alternative.fr\/index.php\/2017\/05\/01\/nos-qualifications\/","name":"En ce qui concerne nos qualifications - terre-alternative.fr","isPartOf":{"@id":"https:\/\/terre-alternative.fr\/#website"},"primaryImageOfPage":{"@id":"https:\/\/terre-alternative.fr\/index.php\/2017\/05\/01\/nos-qualifications\/#primaryimage"},"image":{"@id":"https:\/\/terre-alternative.fr\/index.php\/2017\/05\/01\/nos-qualifications\/#primaryimage"},"thumbnailUrl":"https:\/\/terre-alternative.fr\/wp-content\/uploads\/2017\/08\/logo-ECO-ARTISAN.jpg","datePublished":"2017-05-01T15:02:44+00:00","dateModified":"2020-02-25T08:55:19+00:00","description":"En ce qui concerne nos qualifications nous sommes \"reconnu garant de l'environnement\" (RGE), et \u00e0 ce titre, nous vous permettons de pr\u00e9tendre aux aides de l'\u00e9tat en mati\u00e8re de r\u00e9novation \u00e9nerg\u00e9tique de vos r\u00e9sidences : cr\u00e9dits d'imp\u00f4t (CICE), pr\u00eat \u00e0 taux z\u00e9ro (PTZ), aides de Agence Nationale de l'Habitat (ANAH). De plus nous travaillons en \u00e9troite collaboration avec l'agence locale de l'\u00e9nergie du centre ouest Bretagne (ALECOB) pour vous aider \u00e0 vous y retrouver dans ce d\u00e9dale administratif.","breadcrumb":{"@id":"https:\/\/terre-alternative.fr\/index.php\/2017\/05\/01\/nos-qualifications\/#breadcrumb"},"inLanguage":"fr-FR","potentialAction":[{"@type":"ReadAction","target":["https:\/\/terre-alternative.fr\/index.php\/2017\/05\/01\/nos-qualifications\/"]}]},{"@type":"ImageObject","inLanguage":"fr-FR","@id":"https:\/\/terre-alternative.fr\/index.php\/2017\/05\/01\/nos-qualifications\/#primaryimage","url":"https:\/\/terre-alternative.fr\/wp-content\/uploads\/2017\/08\/logo-ECO-ARTISAN.jpg","contentUrl":"https:\/\/terre-alternative.fr\/wp-content\/uploads\/2017\/08\/logo-ECO-ARTISAN.jpg","width":1654,"height":1089},{"@type":"BreadcrumbList","@id":"https:\/\/terre-alternative.fr\/index.php\/2017\/05\/01\/nos-qualifications\/#breadcrumb","itemListElement":[{"@type":"ListItem","position":1,"name":"Accueil","item":"https:\/\/terre-alternative.fr\/"},{"@type":"ListItem","position":2,"name":"Nos qualifications"}]},{"@type":"WebSite","@id":"https:\/\/terre-alternative.fr\/#website","url":"https:\/\/terre-alternative.fr\/","name":"terre-alternative.fr","description":"Des habitats sains et naturels","publisher":{"@id":"https:\/\/terre-alternative.fr\/#organization"},"potentialAction":[{"@type":"SearchAction","target":{"@type":"EntryPoint","urlTemplate":"https:\/\/terre-alternative.fr\/?s={search_term_string}"},"query-input":{"@type":"PropertyValueSpecification","valueRequired":true,"valueName":"search_term_string"}}],"inLanguage":"fr-FR"},{"@type":"Organization","@id":"https:\/\/terre-alternative.fr\/#organization","name":"terre alternative sarl","url":"https:\/\/terre-alternative.fr\/","logo":{"@type":"ImageObject","inLanguage":"fr-FR","@id":"https:\/\/terre-alternative.fr\/#\/schema\/logo\/image\/","url":"https:\/\/terre-alternative.fr\/wp-content\/uploads\/2017\/05\/LOGO-Terre-Alternative.png","contentUrl":"https:\/\/terre-alternative.fr\/wp-content\/uploads\/2017\/05\/LOGO-Terre-Alternative.png","width":2475,"height":1120,"caption":"terre alternative sarl"},"image":{"@id":"https:\/\/terre-alternative.fr\/#\/schema\/logo\/image\/"},"sameAs":["https:\/\/www.facebook.com\/Terre-alternative-sarl-910821875760088\/notifications\/","https:\/\/x.com\/terrealternati1","https:\/\/www.pinterest.fr\/terrealternativesarl\/","https:\/\/www.youtube.com\/channel\/UC1_xNjvD0yMEW1t_VZ8aAEw"]},{"@type":"Person","@id":"https:\/\/terre-alternative.fr\/#\/schema\/person\/c47b36d3a7aa58194e70269ca7cece5f","name":"Amaury Bidel","image":{"@type":"ImageObject","inLanguage":"fr-FR","@id":"https:\/\/terre-alternative.fr\/#\/schema\/person\/image\/","url":"https:\/\/secure.gravatar.com\/avatar\/7d14548e70471625d2bd22d118f605cea5c763a37a645c13877e3e5e99a969c8?s=96&d=mm&r=g","contentUrl":"https:\/\/secure.gravatar.com\/avatar\/7d14548e70471625d2bd22d118f605cea5c763a37a645c13877e3e5e99a969c8?s=96&d=mm&r=g","caption":"Amaury Bidel"},"description":"Apr\u00e8s avoir auto-construit ma maison en bois, paille et terre en 2009, et apr\u00e8s quelques aventures, je me suis lanc\u00e9 dans la r\u00e9novation et la construction de maison en centre Bretagne. Titulaire d'une licence professionnelle \"\u00e9conomies d'\u00e9nergies et \u00e9nergies renouvelables\" je mettrais mes comp\u00e9tences au service de vos projets, pour vous aider \u00e0 r\u00e9aliser des logements, sains, confortable et \u00e9conomes en \u00e9nergies.","sameAs":["http:\/\/terre-alternative.fr"]}]}},"jetpack_featured_media_url":"https:\/\/terre-alternative.fr\/wp-content\/uploads\/2017\/08\/logo-ECO-ARTISAN.jpg","jetpack_sharing_enabled":true,"_links":{"self":[{"href":"https:\/\/terre-alternative.fr\/index.php\/wp-json\/wp\/v2\/posts\/521","targetHints":{"allow":["GET"]}}],"collection":[{"href":"https:\/\/terre-alternative.fr\/index.php\/wp-json\/wp\/v2\/posts"}],"about":[{"href":"https:\/\/terre-alternative.fr\/index.php\/wp-json\/wp\/v2\/types\/post"}],"author":[{"embeddable":true,"href":"https:\/\/terre-alternative.fr\/index.php\/wp-json\/wp\/v2\/users\/1"}],"replies":[{"embeddable":true,"href":"https:\/\/terre-alternative.fr\/index.php\/wp-json\/wp\/v2\/comments?post=521"}],"version-history":[{"count":4,"href":"https:\/\/terre-alternative.fr\/index.php\/wp-json\/wp\/v2\/posts\/521\/revisions"}],"predecessor-version":[{"id":1769,"href":"https:\/\/terre-alternative.fr\/index.php\/wp-json\/wp\/v2\/posts\/521\/revisions\/1769"}],"wp:featuredmedia":[{"embeddable":true,"href":"https:\/\/terre-alternative.fr\/index.php\/wp-json\/wp\/v2\/media\/125"}],"wp:attachment":[{"href":"https:\/\/terre-alternative.fr\/index.php\/wp-json\/wp\/v2\/media?parent=521"}],"wp:term":[{"taxonomy":"category","embeddable":true,"href":"https:\/\/terre-alternative.fr\/index.php\/wp-json\/wp\/v2\/categories?post=521"},{"taxonomy":"post_tag","embeddable":true,"href":"https:\/\/terre-alternative.fr\/index.php\/wp-json\/wp\/v2\/tags?post=521"}],"curies":[{"name":"wp","href":"https:\/\/api.w.org\/{rel}","templated":true}]}}